{"id":7319,"date":"2026-01-24T12:08:21","date_gmt":"2026-01-24T08:08:21","guid":{"rendered":"https:\/\/meteo974.fr\/?p=7319"},"modified":"2026-02-26T14:46:22","modified_gmt":"2026-02-26T10:46:22","slug":"climat-de-saint-gilles-les-bains","status":"publish","type":"post","link":"https:\/\/meteo974.fr\/?p=7319","title":{"rendered":"Climat de Saint-Gilles-les Bains"},"content":{"rendered":"\n<div class=\"wp-block-cover is-light\" style=\"margin-top:32px;margin-bottom:32px\"><img fetchpriority=\"high\" decoding=\"async\" width=\"1024\" height=\"530\" class=\"wp-block-cover__image-background wp-image-7320 size-large\" alt=\"\" src=\"https:\/\/meteo974.fr\/wp-content\/uploads\/2026\/01\/STGILLES1-1024x530.png\" data-object-fit=\"cover\" srcset=\"https:\/\/meteo974.fr\/wp-content\/uploads\/2026\/01\/STGILLES1-1024x530.png 1024w, https:\/\/meteo974.fr\/wp-content\/uploads\/2026\/01\/STGILLES1-300x155.png 300w, https:\/\/meteo974.fr\/wp-content\/uploads\/2026\/01\/STGILLES1-768x397.png 768w, https:\/\/meteo974.fr\/wp-content\/uploads\/2026\/01\/STGILLES1.png 1199w\" sizes=\"(max-width: 1024px) 100vw, 1024px\" \/><span aria-hidden=\"true\" class=\"wp-block-cover__background has-background-dim\" style=\"background-color:#979ea6\"><\/span><div class=\"wp-block-cover__inner-container is-layout-flow wp-block-cover-is-layout-flow\">\n<h2 class=\"wp-block-heading has-text-align-center has-large-font-size\"><strong>Climat de Saint-Gilles-les Bains<\/strong><\/h2>\n<\/div><\/div>\n\n\n\n<p><br><strong>Pour cette nouvelle rubrique climat \/ climatologie, premier focus sur le climat de Saint-Gilles-les-Bains, LA cit\u00e9 baln\u00e9aire de la R\u00e9union<\/strong>, surnomm\u00e9e aussi \u00ab\u00a0zoreil land\u00a0\u00bb.  Un climat tr\u00e8s \u00e0 part par rapport \u00e0 une grande partie de l&rsquo;\u00eele intense, connue pour ses pluies fr\u00e9quentes et abondantes, avec m\u00eame des records mondiaux \u00e0 l&rsquo;est dans le secteur du volcan. D\u00e9tails.<\/p>\n\n\n\n<div class=\"wp-block-columns are-vertically-aligned-center is-layout-flex wp-container-core-columns-is-layout-28f84493 wp-block-columns-is-layout-flex\">\n<div class=\"wp-block-column is-vertically-aligned-center is-layout-flow wp-block-column-is-layout-flow\">\n<figure class=\"wp-block-image size-full has-custom-border\"><img decoding=\"async\" width=\"1144\" height=\"878\" src=\"https:\/\/meteo974.fr\/wp-content\/uploads\/2026\/01\/STGILLEStempes.png\" alt=\"\" class=\"wp-image-7321\" style=\"border-radius:12px\" srcset=\"https:\/\/meteo974.fr\/wp-content\/uploads\/2026\/01\/STGILLEStempes.png 1144w, https:\/\/meteo974.fr\/wp-content\/uploads\/2026\/01\/STGILLEStempes-300x230.png 300w, https:\/\/meteo974.fr\/wp-content\/uploads\/2026\/01\/STGILLEStempes-1024x786.png 1024w, https:\/\/meteo974.fr\/wp-content\/uploads\/2026\/01\/STGILLEStempes-768x589.png 768w\" sizes=\"(max-width: 1144px) 100vw, 1144px\" \/><\/figure>\n<\/div>\n\n\n\n<div class=\"wp-block-column is-vertically-aligned-center is-layout-flow wp-block-column-is-layout-flow\">\n<p>Saint-Gilles-les-Bains se situe dans l&rsquo;un des secteurs les plus chauds et secs de l&rsquo;\u00eele, \u00ab\u00a0sous le vent\u00a0\u00bb, prot\u00e9g\u00e9e par les montagnes tels que le Ma\u00efdo et un peu plus loin de Piton des Neiges. R\u00e9sultat : un temps chaud et sec une grande partie de l&rsquo;ann\u00e9e. La temp\u00e9rature moyenne annuelle se situe \u00e0 22,2 degr\u00e9s pour les valeurs nocturnes, 29,9 degr\u00e9s pour les maximales (mi-journ\u00e9e) et donc 26,1 degr\u00e9s de moyenne g\u00e9n\u00e9rale.<\/p>\n\n\n\n<p>On compte 279 nuits tropicales (20 degr\u00e9s ou plus) par an (toutes les nuits de d\u00e9cembre \u00e0 avril, 6 en juillet et 8 en ao\u00fbt), 360 jours de chaleur (25 degr\u00e9s et plus) par an&#8230; soit 5 jours sans (entre juin et septembre) et 178 jours de forte chaleur (30 degr\u00e9s et plus) notamment de d\u00e9cembre \u00e0 avril&#8230; et 0 jour en moyenne en juillet-ao\u00fbt ! Les 35 degr\u00e9s ne sont atteints ou d\u00e9pass\u00e9s que 3 jours par an&#8230;<\/p>\n\n\n\n<p>F\u00e9vrier est le mois le plus chaud de l&rsquo;ann\u00e9e (32,7 degr\u00e9s en moyenne l&rsquo;apr\u00e8s-midi) et juillet le plus frais (26,9 degr\u00e9s).<\/p>\n\n\n\n<p>Le record de chaleur est de 36,3 degr\u00e9s (6 janvier 2019) et le record de froid est \u00e0 15,5 degr\u00e9s le 25 juillet 2020.<\/p>\n<\/div>\n<\/div>\n\n\n\n<div class=\"wp-block-columns are-vertically-aligned-center is-layout-flex wp-container-core-columns-is-layout-28f84493 wp-block-columns-is-layout-flex\">\n<div class=\"wp-block-column is-layout-flow wp-block-column-is-layout-flow\">\n<p>La pluie est presqu&rsquo;un \u00e9v\u00e9nement \u00e0 Saint-Gilles-les-Bains tant elle se fait rare sur de longues p\u00e9riodes. La quantit\u00e9 annuelle moyenne est faible, seulement 334 mm dont la majeure partie en six mois, de novembre \u00e0 avril. De mai \u00e0 octobre, il ne pleut quasiment pas. En 2018, il n&rsquo;est pas tomb\u00e9 la moindre goutte durant 137 jours cons\u00e9cutifs (soit 4 mois et demi) ! En 2019, il n&rsquo;est tomb\u00e9 que 132 mm&#8230; dans l&rsquo;ann\u00e9e !<\/p>\n\n\n\n<p>Janvier est en moyenne le mois le plus arros\u00e9 avec 96 mm (29% du total annuel) et septembre le plus sec avec 2 mm seulement&#8230; mais aussi 3 mm en ao\u00fbt, 5 mm en juillet, 7 mm en mai&#8230;<\/p>\n\n\n\n<p>Le record de pluie en 24 heures est de 89 mm lors du passage du cyclone Bellal le 14 janvier 2024, suivi de tr\u00e8s pr\u00e8s par les 88 mm du 28 f\u00e9vrier 2025 au passage de Garance (mais en moins d&rsquo;heures, d&rsquo;o\u00f9 des cons\u00e9quences plus graves).<\/p>\n\n\n\n<p>Il pleut en moyenne 50 jours par an (plus de 0,1 mm) soit moins d&rsquo;1 jour sur 7. 33 jours seulement au-dessus d&rsquo;1 mm, 16 jours au-dessus de 5 mm et 9 jours au-dessus de 10 mm. Le gros de ces jours de pluie se situe mi-novembre et mi-avril.<\/p>\n<\/div>\n\n\n\n<div class=\"wp-block-column is-layout-flow wp-block-column-is-layout-flow\">\n<figure class=\"wp-block-image size-full\"><img decoding=\"async\" width=\"1144\" height=\"884\" src=\"https:\/\/meteo974.fr\/wp-content\/uploads\/2026\/01\/STGILLESprecis.png\" alt=\"\" class=\"wp-image-7322\" srcset=\"https:\/\/meteo974.fr\/wp-content\/uploads\/2026\/01\/STGILLESprecis.png 1144w, https:\/\/meteo974.fr\/wp-content\/uploads\/2026\/01\/STGILLESprecis-300x232.png 300w, https:\/\/meteo974.fr\/wp-content\/uploads\/2026\/01\/STGILLESprecis-1024x791.png 1024w, https:\/\/meteo974.fr\/wp-content\/uploads\/2026\/01\/STGILLESprecis-768x593.png 768w\" sizes=\"(max-width: 1144px) 100vw, 1144px\" \/><\/figure>\n<\/div>\n<\/div>\n\n\n\n<p>La temp\u00e9rature moyenne de l&rsquo;oc\u00e9an est de 26,4 degr\u00e9s \u00e0 l&rsquo;ann\u00e9e (24,1 degr\u00e9s en septembre au plus bas et 28,7 degr\u00e9s en mars au plus haut).<\/p>\n\n\n\n<p>On compte en moyenne 9 jours d&rsquo;orage par an, la plupart entre novembre et mars durant la courte saison humide de l&rsquo;Ouest et 16 jours orageux (\u00e9clairs sans tonnerre + jours d&rsquo;orage). 5 trombes marines ont \u00e9t\u00e9 observ\u00e9es entre 2020 et 2025, soit en moyenne pr\u00e8s d&rsquo;une par an.<\/p>\n\n\n\n<p>Toutes ces informations et chiffres sont \u00e9tablis sur la p\u00e9riode 2018-2025.<\/p>\n\n\n\n<p>Vous avez les cartes en main pour choisir votre p\u00e9riode de l&rsquo;ann\u00e9e. La p\u00e9riode octobre-novembre ou mai sont les mois les plus propices pour profiter, y compris ailleurs sur l&rsquo;\u00eele, sous une chaleur encore mod\u00e9r\u00e9e et plut\u00f4t s\u00e8che. En \u00e9t\u00e9, il ne pleut pas tr\u00e8s souvent \u00e0 Saint-Gilles-les-Bains, mais la chaleur est tr\u00e8s moite voire \u00e9touffante, et vous ne serez pas \u00e0 l&rsquo;abri d&rsquo;un orage, d&rsquo;une grosse pluie, voire d&rsquo;un cyclone&#8230;<\/p>\n\n\n\n<figure class=\"wp-block-image size-large\"><img loading=\"lazy\" decoding=\"async\" width=\"1024\" height=\"576\" src=\"https:\/\/meteo974.fr\/wp-content\/uploads\/2026\/01\/STGILLES2-1024x576.png\" alt=\"\" class=\"wp-image-7323\" srcset=\"https:\/\/meteo974.fr\/wp-content\/uploads\/2026\/01\/STGILLES2-1024x576.png 1024w, https:\/\/meteo974.fr\/wp-content\/uploads\/2026\/01\/STGILLES2-300x169.png 300w, https:\/\/meteo974.fr\/wp-content\/uploads\/2026\/01\/STGILLES2-768x432.png 768w, https:\/\/meteo974.fr\/wp-content\/uploads\/2026\/01\/STGILLES2-1536x864.png 1536w, https:\/\/meteo974.fr\/wp-content\/uploads\/2026\/01\/STGILLES2.png 1599w\" sizes=\"(max-width: 1024px) 100vw, 1024px\" \/><\/figure>\n\n\n\n<p>Trombe marine du 28 d\u00e9cembre 2025<\/p>\n\n\n\n<div class=\"wp-block-columns are-vertically-aligned-center is-layout-flex wp-container-core-columns-is-layout-a5331a9e wp-block-columns-is-layout-flex\" style=\"padding-top:0;padding-right:0;padding-bottom:0;padding-left:0\">\n<div class=\"wp-block-column is-vertically-aligned-center is-layout-flow wp-block-column-is-layout-flow\" style=\"flex-basis:15%\">\n<p class=\"has-text-align-left\"><strong><mark style=\"background-color:rgba(0, 0, 0, 0);color:#0b0e4f\" class=\"has-inline-color\">Cat\u00e9gories<\/mark><\/strong><\/p>\n<\/div>\n\n\n\n<div class=\"wp-block-column is-vertically-aligned-center has-text-color has-link-color wp-elements-f7e1b2246115720c497f5c40769fcee1 is-layout-flow wp-block-column-is-layout-flow\" style=\"color:#59d49c;flex-basis:66.66%\"><div style=\"padding-right:0;padding-left:0;padding-top:var(--wp--preset--spacing--50);padding-bottom:var(--wp--preset--spacing--50)\" class=\"taxonomy-post_tag wp-block-post-terms\"><a href=\"https:\/\/meteo974.fr\/?tag=chaleur\" rel=\"tag\">Chaleur<\/a><span class=\"wp-block-post-terms__separator\"> | <\/span><a href=\"https:\/\/meteo974.fr\/?tag=climat\" rel=\"tag\">Climat<\/a><span class=\"wp-block-post-terms__separator\"> | <\/span><a href=\"https:\/\/meteo974.fr\/?tag=climatologie\" rel=\"tag\">Climatologie<\/a><span class=\"wp-block-post-terms__separator\"> | <\/span><a href=\"https:\/\/meteo974.fr\/?tag=la-reunion\" rel=\"tag\">la R\u00e9union<\/a><span class=\"wp-block-post-terms__separator\"> | <\/span><a href=\"https:\/\/meteo974.fr\/?tag=meteo\" rel=\"tag\">M\u00e9t\u00e9o<\/a><span class=\"wp-block-post-terms__separator\"> | <\/span><a href=\"https:\/\/meteo974.fr\/?tag=ocean-indien\" rel=\"tag\">Oc\u00e9an Indien<\/a><span class=\"wp-block-post-terms__separator\"> | <\/span><a href=\"https:\/\/meteo974.fr\/?tag=quand-venir\" rel=\"tag\">Quand venir<\/a><span class=\"wp-block-post-terms__separator\"> | <\/span><a href=\"https:\/\/meteo974.fr\/?tag=secheresse\" rel=\"tag\">S\u00e9cheresse<\/a><span class=\"wp-block-post-terms__separator\"> | <\/span><a href=\"https:\/\/meteo974.fr\/?tag=temperatures\" rel=\"tag\">temp\u00e9ratures<\/a><\/div><\/div>\n<\/div>\n\n\n\n<hr class=\"wp-block-separator has-alpha-channel-opacity is-style-wide\" style=\"margin-top:2rem;margin-bottom:2rem\"\/>\n","protected":false},"excerpt":{"rendered":"<p>Pour cette nouvelle rubrique climat \/ climatologie, premier focus sur le climat de Saint-Gilles-les-Bains, LA cit\u00e9 baln\u00e9aire de la R\u00e9union, surnomm\u00e9e aussi \u00ab\u00a0zoreil land\u00a0\u00bb.  Un climat tr\u00e8s \u00e0 part par rapport \u00e0&#8230;<\/p>\n","protected":false},"author":3,"featured_media":7320,"comment_status":"closed","ping_status":"open","sticky":false,"template":"","format":"standard","meta":{"site-sidebar-layout":"default","site-content-layout":"","ast-site-content-layout":"","site-content-style":"default","site-sidebar-style":"default","ast-global-header-display":"","ast-banner-title-visibility":"","ast-main-header-display":"","ast-hfb-above-header-display":"","ast-hfb-below-header-display":"","ast-hfb-mobile-header-display":"","site-post-title":"disabled","ast-breadcrumbs-content":"","ast-featured-img":"","footer-sml-layout":"","theme-transparent-header-meta":"","adv-header-id-meta":"","stick-header-meta":"","header-above-stick-meta":"","header-main-stick-meta":"","header-below-stick-meta":"","astra-migrate-meta-layouts":"default","ast-page-background-enabled":"default","ast-page-background-meta":{"desktop":{"background-color":"var(--ast-global-color-4)","background-image":"","background-repeat":"repeat","background-position":"center center","background-size":"auto","background-attachment":"scroll","background-type":"","background-media":"","overlay-type":"","overlay-color":"","overlay-opacity":"","overlay-gradient":""},"tablet":{"background-color":"","background-image":"","background-repeat":"repeat","background-position":"center center","background-size":"auto","background-attachment":"scroll","background-type":"","background-media":"","overlay-type":"","overlay-color":"","overlay-opacity":"","overlay-gradient":""},"mobile":{"background-color":"","background-image":"","background-repeat":"repeat","background-position":"center center","background-size":"auto","background-attachment":"scroll","background-type":"","background-media":"","overlay-type":"","overlay-color":"","overlay-opacity":"","overlay-gradient":""}},"ast-content-background-meta":{"desktop":{"background-color":"var(--ast-global-color-5)","background-image":"","background-repeat":"repeat","background-position":"center center","background-size":"auto","background-attachment":"scroll","background-type":"","background-media":"","overlay-type":"","overlay-color":"","overlay-opacity":"","overlay-gradient":""},"tablet":{"background-color":"var(--ast-global-color-5)","background-image":"","background-repeat":"repeat","background-position":"center center","background-size":"auto","background-attachment":"scroll","background-type":"","background-media":"","overlay-type":"","overlay-color":"","overlay-opacity":"","overlay-gradient":""},"mobile":{"background-color":"var(--ast-global-color-5)","background-image":"","background-repeat":"repeat","background-position":"center center","background-size":"auto","background-attachment":"scroll","background-type":"","background-media":"","overlay-type":"","overlay-color":"","overlay-opacity":"","overlay-gradient":""}},"footnotes":""},"categories":[4,8,5],"tags":[151,60,148,44,61,52,150,153,23],"class_list":["post-7319","post","type-post","status-publish","format-standard","has-post-thumbnail","hentry","category-climat","category-meteo","category-ocean","tag-chaleur","tag-climat","tag-climatologie","tag-la-reunion","tag-meteo","tag-ocean-indien","tag-quand-venir","tag-secheresse","tag-temperatures"],"yoast_head":"<!-- This site is optimized with the Yoast SEO plugin v27.5 - https:\/\/yoast.com\/product\/yoast-seo-wordpress\/ -->\n<title>Climat de Saint-Gilles-les Bains - M\u00e9t\u00e9o974<\/title>\n<meta name=\"robots\" content=\"index, follow, max-snippet:-1, max-image-preview:large, max-video-preview:-1\" \/>\n<link rel=\"canonical\" href=\"https:\/\/meteo974.fr\/?p=7319\" \/>\n<meta property=\"og:locale\" content=\"fr_FR\" \/>\n<meta property=\"og:type\" content=\"article\" \/>\n<meta property=\"og:title\" content=\"Climat de Saint-Gilles-les Bains - M\u00e9t\u00e9o974\" \/>\n<meta property=\"og:description\" content=\"Pour cette nouvelle rubrique climat \/ climatologie, premier focus sur le climat de Saint-Gilles-les-Bains, LA cit\u00e9 baln\u00e9aire de la R\u00e9union, surnomm\u00e9e aussi &quot;zoreil land&quot;. Un climat tr\u00e8s \u00e0 part par rapport \u00e0...\" \/>\n<meta property=\"og:url\" content=\"https:\/\/meteo974.fr\/?p=7319\" \/>\n<meta property=\"og:site_name\" content=\"M\u00e9t\u00e9o974\" \/>\n<meta property=\"article:published_time\" content=\"2026-01-24T08:08:21+00:00\" \/>\n<meta property=\"article:modified_time\" content=\"2026-02-26T10:46:22+00:00\" \/>\n<meta property=\"og:image\" content=\"https:\/\/meteo974.fr\/wp-content\/uploads\/2026\/01\/STGILLES1.png\" \/>\n\t<meta property=\"og:image:width\" content=\"1199\" \/>\n\t<meta property=\"og:image:height\" content=\"620\" \/>\n\t<meta property=\"og:image:type\" content=\"image\/png\" \/>\n<meta name=\"author\" content=\"Fred Decker\" \/>\n<meta name=\"twitter:card\" content=\"summary_large_image\" \/>\n<meta name=\"twitter:label1\" content=\"\u00c9crit par\" \/>\n\t<meta name=\"twitter:data1\" content=\"Fred Decker\" \/>\n\t<meta name=\"twitter:label2\" content=\"Dur\u00e9e de lecture estim\u00e9e\" \/>\n\t<meta name=\"twitter:data2\" content=\"5 minutes\" \/>\n<script type=\"application\/ld+json\" class=\"yoast-schema-graph\">{\"@context\":\"https:\\\/\\\/schema.org\",\"@graph\":[{\"@type\":\"Article\",\"@id\":\"https:\\\/\\\/meteo974.fr\\\/?p=7319#article\",\"isPartOf\":{\"@id\":\"https:\\\/\\\/meteo974.fr\\\/?p=7319\"},\"author\":{\"name\":\"Fred Decker\",\"@id\":\"http:\\\/\\\/meteo974.fr\\\/#\\\/schema\\\/person\\\/43a56bb6243c273ce89a120e00b92d53\"},\"headline\":\"Climat de Saint-Gilles-les Bains\",\"datePublished\":\"2026-01-24T08:08:21+00:00\",\"dateModified\":\"2026-02-26T10:46:22+00:00\",\"mainEntityOfPage\":{\"@id\":\"https:\\\/\\\/meteo974.fr\\\/?p=7319\"},\"wordCount\":624,\"publisher\":{\"@id\":\"http:\\\/\\\/meteo974.fr\\\/#organization\"},\"image\":{\"@id\":\"https:\\\/\\\/meteo974.fr\\\/?p=7319#primaryimage\"},\"thumbnailUrl\":\"https:\\\/\\\/meteo974.fr\\\/wp-content\\\/uploads\\\/2026\\\/01\\\/STGILLES1.png\",\"keywords\":[\"Chaleur\",\"Climat\",\"Climatologie\",\"la R\u00e9union\",\"M\u00e9t\u00e9o\",\"Oc\u00e9an Indien\",\"Quand venir\",\"S\u00e9cheresse\",\"temp\u00e9ratures\"],\"articleSection\":[\"Climat\",\"Meteo\",\"Oc\u00e9an\"],\"inLanguage\":\"fr-FR\"},{\"@type\":\"WebPage\",\"@id\":\"https:\\\/\\\/meteo974.fr\\\/?p=7319\",\"url\":\"https:\\\/\\\/meteo974.fr\\\/?p=7319\",\"name\":\"Climat de Saint-Gilles-les Bains - M\u00e9t\u00e9o974\",\"isPartOf\":{\"@id\":\"http:\\\/\\\/meteo974.fr\\\/#website\"},\"primaryImageOfPage\":{\"@id\":\"https:\\\/\\\/meteo974.fr\\\/?p=7319#primaryimage\"},\"image\":{\"@id\":\"https:\\\/\\\/meteo974.fr\\\/?p=7319#primaryimage\"},\"thumbnailUrl\":\"https:\\\/\\\/meteo974.fr\\\/wp-content\\\/uploads\\\/2026\\\/01\\\/STGILLES1.png\",\"datePublished\":\"2026-01-24T08:08:21+00:00\",\"dateModified\":\"2026-02-26T10:46:22+00:00\",\"breadcrumb\":{\"@id\":\"https:\\\/\\\/meteo974.fr\\\/?p=7319#breadcrumb\"},\"inLanguage\":\"fr-FR\",\"potentialAction\":[{\"@type\":\"ReadAction\",\"target\":[\"https:\\\/\\\/meteo974.fr\\\/?p=7319\"]}]},{\"@type\":\"ImageObject\",\"inLanguage\":\"fr-FR\",\"@id\":\"https:\\\/\\\/meteo974.fr\\\/?p=7319#primaryimage\",\"url\":\"https:\\\/\\\/meteo974.fr\\\/wp-content\\\/uploads\\\/2026\\\/01\\\/STGILLES1.png\",\"contentUrl\":\"https:\\\/\\\/meteo974.fr\\\/wp-content\\\/uploads\\\/2026\\\/01\\\/STGILLES1.png\",\"width\":1199,\"height\":620},{\"@type\":\"BreadcrumbList\",\"@id\":\"https:\\\/\\\/meteo974.fr\\\/?p=7319#breadcrumb\",\"itemListElement\":[{\"@type\":\"ListItem\",\"position\":1,\"name\":\"Accueil\",\"item\":\"http:\\\/\\\/meteo974.fr\\\/\"},{\"@type\":\"ListItem\",\"position\":2,\"name\":\"Climat de Saint-Gilles-les Bains\"}]},{\"@type\":\"WebSite\",\"@id\":\"http:\\\/\\\/meteo974.fr\\\/#website\",\"url\":\"http:\\\/\\\/meteo974.fr\\\/\",\"name\":\"M\u00e9t\u00e9o974\",\"description\":\"Pr\u00e9voir, prot\u00e9ger, pr\u00e9server\",\"publisher\":{\"@id\":\"http:\\\/\\\/meteo974.fr\\\/#organization\"},\"potentialAction\":[{\"@type\":\"SearchAction\",\"target\":{\"@type\":\"EntryPoint\",\"urlTemplate\":\"http:\\\/\\\/meteo974.fr\\\/?s={search_term_string}\"},\"query-input\":{\"@type\":\"PropertyValueSpecification\",\"valueRequired\":true,\"valueName\":\"search_term_string\"}}],\"inLanguage\":\"fr-FR\"},{\"@type\":\"Organization\",\"@id\":\"http:\\\/\\\/meteo974.fr\\\/#organization\",\"name\":\"M\u00e9t\u00e9o974\",\"url\":\"http:\\\/\\\/meteo974.fr\\\/\",\"logo\":{\"@type\":\"ImageObject\",\"inLanguage\":\"fr-FR\",\"@id\":\"http:\\\/\\\/meteo974.fr\\\/#\\\/schema\\\/logo\\\/image\\\/\",\"url\":\"https:\\\/\\\/meteo974.fr\\\/wp-content\\\/uploads\\\/2024\\\/08\\\/logo-Horizontal-blanc-scaled.png\",\"contentUrl\":\"https:\\\/\\\/meteo974.fr\\\/wp-content\\\/uploads\\\/2024\\\/08\\\/logo-Horizontal-blanc-scaled.png\",\"width\":2560,\"height\":1172,\"caption\":\"M\u00e9t\u00e9o974\"},\"image\":{\"@id\":\"http:\\\/\\\/meteo974.fr\\\/#\\\/schema\\\/logo\\\/image\\\/\"}},{\"@type\":\"Person\",\"@id\":\"http:\\\/\\\/meteo974.fr\\\/#\\\/schema\\\/person\\\/43a56bb6243c273ce89a120e00b92d53\",\"name\":\"Fred Decker\",\"image\":{\"@type\":\"ImageObject\",\"inLanguage\":\"fr-FR\",\"@id\":\"https:\\\/\\\/secure.gravatar.com\\\/avatar\\\/731c7cca8a96a7ef47e42713a4da47faa7d6f6614639e60072f862be56ecb3ae?s=96&d=mm&r=g\",\"url\":\"https:\\\/\\\/secure.gravatar.com\\\/avatar\\\/731c7cca8a96a7ef47e42713a4da47faa7d6f6614639e60072f862be56ecb3ae?s=96&d=mm&r=g\",\"contentUrl\":\"https:\\\/\\\/secure.gravatar.com\\\/avatar\\\/731c7cca8a96a7ef47e42713a4da47faa7d6f6614639e60072f862be56ecb3ae?s=96&d=mm&r=g\",\"caption\":\"Fred Decker\"},\"sameAs\":[\"https:\\\/\\\/meteo974.fr\\\/\"],\"url\":\"https:\\\/\\\/meteo974.fr\\\/?author=3\"}]}<\/script>\n<!-- \/ Yoast SEO plugin. -->","yoast_head_json":{"title":"Climat de Saint-Gilles-les Bains - M\u00e9t\u00e9o974","robots":{"index":"index","follow":"follow","max-snippet":"max-snippet:-1","max-image-preview":"max-image-preview:large","max-video-preview":"max-video-preview:-1"},"canonical":"https:\/\/meteo974.fr\/?p=7319","og_locale":"fr_FR","og_type":"article","og_title":"Climat de Saint-Gilles-les Bains - M\u00e9t\u00e9o974","og_description":"Pour cette nouvelle rubrique climat \/ climatologie, premier focus sur le climat de Saint-Gilles-les-Bains, LA cit\u00e9 baln\u00e9aire de la R\u00e9union, surnomm\u00e9e aussi \"zoreil land\". Un climat tr\u00e8s \u00e0 part par rapport \u00e0...","og_url":"https:\/\/meteo974.fr\/?p=7319","og_site_name":"M\u00e9t\u00e9o974","article_published_time":"2026-01-24T08:08:21+00:00","article_modified_time":"2026-02-26T10:46:22+00:00","og_image":[{"width":1199,"height":620,"url":"https:\/\/meteo974.fr\/wp-content\/uploads\/2026\/01\/STGILLES1.png","type":"image\/png"}],"author":"Fred Decker","twitter_card":"summary_large_image","twitter_misc":{"\u00c9crit par":"Fred Decker","Dur\u00e9e de lecture estim\u00e9e":"5 minutes"},"schema":{"@context":"https:\/\/schema.org","@graph":[{"@type":"Article","@id":"https:\/\/meteo974.fr\/?p=7319#article","isPartOf":{"@id":"https:\/\/meteo974.fr\/?p=7319"},"author":{"name":"Fred Decker","@id":"http:\/\/meteo974.fr\/#\/schema\/person\/43a56bb6243c273ce89a120e00b92d53"},"headline":"Climat de Saint-Gilles-les Bains","datePublished":"2026-01-24T08:08:21+00:00","dateModified":"2026-02-26T10:46:22+00:00","mainEntityOfPage":{"@id":"https:\/\/meteo974.fr\/?p=7319"},"wordCount":624,"publisher":{"@id":"http:\/\/meteo974.fr\/#organization"},"image":{"@id":"https:\/\/meteo974.fr\/?p=7319#primaryimage"},"thumbnailUrl":"https:\/\/meteo974.fr\/wp-content\/uploads\/2026\/01\/STGILLES1.png","keywords":["Chaleur","Climat","Climatologie","la R\u00e9union","M\u00e9t\u00e9o","Oc\u00e9an Indien","Quand venir","S\u00e9cheresse","temp\u00e9ratures"],"articleSection":["Climat","Meteo","Oc\u00e9an"],"inLanguage":"fr-FR"},{"@type":"WebPage","@id":"https:\/\/meteo974.fr\/?p=7319","url":"https:\/\/meteo974.fr\/?p=7319","name":"Climat de Saint-Gilles-les Bains - M\u00e9t\u00e9o974","isPartOf":{"@id":"http:\/\/meteo974.fr\/#website"},"primaryImageOfPage":{"@id":"https:\/\/meteo974.fr\/?p=7319#primaryimage"},"image":{"@id":"https:\/\/meteo974.fr\/?p=7319#primaryimage"},"thumbnailUrl":"https:\/\/meteo974.fr\/wp-content\/uploads\/2026\/01\/STGILLES1.png","datePublished":"2026-01-24T08:08:21+00:00","dateModified":"2026-02-26T10:46:22+00:00","breadcrumb":{"@id":"https:\/\/meteo974.fr\/?p=7319#breadcrumb"},"inLanguage":"fr-FR","potentialAction":[{"@type":"ReadAction","target":["https:\/\/meteo974.fr\/?p=7319"]}]},{"@type":"ImageObject","inLanguage":"fr-FR","@id":"https:\/\/meteo974.fr\/?p=7319#primaryimage","url":"https:\/\/meteo974.fr\/wp-content\/uploads\/2026\/01\/STGILLES1.png","contentUrl":"https:\/\/meteo974.fr\/wp-content\/uploads\/2026\/01\/STGILLES1.png","width":1199,"height":620},{"@type":"BreadcrumbList","@id":"https:\/\/meteo974.fr\/?p=7319#breadcrumb","itemListElement":[{"@type":"ListItem","position":1,"name":"Accueil","item":"http:\/\/meteo974.fr\/"},{"@type":"ListItem","position":2,"name":"Climat de Saint-Gilles-les Bains"}]},{"@type":"WebSite","@id":"http:\/\/meteo974.fr\/#website","url":"http:\/\/meteo974.fr\/","name":"M\u00e9t\u00e9o974","description":"Pr\u00e9voir, prot\u00e9ger, pr\u00e9server","publisher":{"@id":"http:\/\/meteo974.fr\/#organization"},"potentialAction":[{"@type":"SearchAction","target":{"@type":"EntryPoint","urlTemplate":"http:\/\/meteo974.fr\/?s={search_term_string}"},"query-input":{"@type":"PropertyValueSpecification","valueRequired":true,"valueName":"search_term_string"}}],"inLanguage":"fr-FR"},{"@type":"Organization","@id":"http:\/\/meteo974.fr\/#organization","name":"M\u00e9t\u00e9o974","url":"http:\/\/meteo974.fr\/","logo":{"@type":"ImageObject","inLanguage":"fr-FR","@id":"http:\/\/meteo974.fr\/#\/schema\/logo\/image\/","url":"https:\/\/meteo974.fr\/wp-content\/uploads\/2024\/08\/logo-Horizontal-blanc-scaled.png","contentUrl":"https:\/\/meteo974.fr\/wp-content\/uploads\/2024\/08\/logo-Horizontal-blanc-scaled.png","width":2560,"height":1172,"caption":"M\u00e9t\u00e9o974"},"image":{"@id":"http:\/\/meteo974.fr\/#\/schema\/logo\/image\/"}},{"@type":"Person","@id":"http:\/\/meteo974.fr\/#\/schema\/person\/43a56bb6243c273ce89a120e00b92d53","name":"Fred Decker","image":{"@type":"ImageObject","inLanguage":"fr-FR","@id":"https:\/\/secure.gravatar.com\/avatar\/731c7cca8a96a7ef47e42713a4da47faa7d6f6614639e60072f862be56ecb3ae?s=96&d=mm&r=g","url":"https:\/\/secure.gravatar.com\/avatar\/731c7cca8a96a7ef47e42713a4da47faa7d6f6614639e60072f862be56ecb3ae?s=96&d=mm&r=g","contentUrl":"https:\/\/secure.gravatar.com\/avatar\/731c7cca8a96a7ef47e42713a4da47faa7d6f6614639e60072f862be56ecb3ae?s=96&d=mm&r=g","caption":"Fred Decker"},"sameAs":["https:\/\/meteo974.fr\/"],"url":"https:\/\/meteo974.fr\/?author=3"}]}},"_links":{"self":[{"href":"https:\/\/meteo974.fr\/index.php?rest_route=\/wp\/v2\/posts\/7319","targetHints":{"allow":["GET"]}}],"collection":[{"href":"https:\/\/meteo974.fr\/index.php?rest_route=\/wp\/v2\/posts"}],"about":[{"href":"https:\/\/meteo974.fr\/index.php?rest_route=\/wp\/v2\/types\/post"}],"author":[{"embeddable":true,"href":"https:\/\/meteo974.fr\/index.php?rest_route=\/wp\/v2\/users\/3"}],"replies":[{"embeddable":true,"href":"https:\/\/meteo974.fr\/index.php?rest_route=%2Fwp%2Fv2%2Fcomments&post=7319"}],"version-history":[{"count":4,"href":"https:\/\/meteo974.fr\/index.php?rest_route=\/wp\/v2\/posts\/7319\/revisions"}],"predecessor-version":[{"id":7913,"href":"https:\/\/meteo974.fr\/index.php?rest_route=\/wp\/v2\/posts\/7319\/revisions\/7913"}],"wp:featuredmedia":[{"embeddable":true,"href":"https:\/\/meteo974.fr\/index.php?rest_route=\/wp\/v2\/media\/7320"}],"wp:attachment":[{"href":"https:\/\/meteo974.fr\/index.php?rest_route=%2Fwp%2Fv2%2Fmedia&parent=7319"}],"wp:term":[{"taxonomy":"category","embeddable":true,"href":"https:\/\/meteo974.fr\/index.php?rest_route=%2Fwp%2Fv2%2Fcategories&post=7319"},{"taxonomy":"post_tag","embeddable":true,"href":"https:\/\/meteo974.fr\/index.php?rest_route=%2Fwp%2Fv2%2Ftags&post=7319"}],"curies":[{"name":"wp","href":"https:\/\/api.w.org\/{rel}","templated":true}]}}