{"id":390,"date":"2024-09-15T18:49:51","date_gmt":"2024-09-15T14:49:51","guid":{"rendered":"http:\/\/meteo974.fr\/?p=390"},"modified":"2024-09-15T18:50:32","modified_gmt":"2024-09-15T14:50:32","slug":"le-volcan-25-07-24","status":"publish","type":"post","link":"https:\/\/meteo974.fr\/?p=390","title":{"rendered":"Votre m\u00e9t\u00e9o pour le Volcan du Piton de la Fournaise"},"content":{"rendered":"","protected":false},"excerpt":{"rendered":"<p>LE VOLCAN : quelle ambiance au volcan ? Soleil, brouillard,  pluie ou vent ? Consultez vite la m\u00e9t\u00e9o ci-dessous pour pr\u00e9parer votre balade ou rando&#8230;<\/p>\n","protected":false},"author":1,"featured_media":756,"comment_status":"open","ping_status":"open","sticky":false,"template":"","format":"standard","meta":{"site-sidebar-layout":"default","site-content-layout":"","ast-site-content-layout":"","site-content-style":"default","site-sidebar-style":"default","ast-global-header-display":"","ast-banner-title-visibility":"","ast-main-header-display":"","ast-hfb-above-header-display":"","ast-hfb-below-header-display":"","ast-hfb-mobile-header-display":"","site-post-title":"","ast-breadcrumbs-content":"","ast-featured-img":"","footer-sml-layout":"","theme-transparent-header-meta":"","adv-header-id-meta":"","stick-header-meta":"","header-above-stick-meta":"","header-main-stick-meta":"","header-below-stick-meta":"","astra-migrate-meta-layouts":"default","ast-page-background-enabled":"default","ast-page-background-meta":{"desktop":{"background-color":"var(--ast-global-color-4)","background-image":"","background-repeat":"repeat","background-position":"center center","background-size":"auto","background-attachment":"scroll","background-type":"","background-media":"","overlay-type":"","overlay-color":"","overlay-opacity":"","overlay-gradient":""},"tablet":{"background-color":"","background-image":"","background-repeat":"repeat","background-position":"center center","background-size":"auto","background-attachment":"scroll","background-type":"","background-media":"","overlay-type":"","overlay-color":"","overlay-opacity":"","overlay-gradient":""},"mobile":{"background-color":"","background-image":"","background-repeat":"repeat","background-position":"center center","background-size":"auto","background-attachment":"scroll","background-type":"","background-media":"","overlay-type":"","overlay-color":"","overlay-opacity":"","overlay-gradient":""}},"ast-content-background-meta":{"desktop":{"background-color":"var(--ast-global-color-5)","background-image":"","background-repeat":"repeat","background-position":"center center","background-size":"auto","background-attachment":"scroll","background-type":"","background-media":"","overlay-type":"","overlay-color":"","overlay-opacity":"","overlay-gradient":""},"tablet":{"background-color":"var(--ast-global-color-5)","background-image":"","background-repeat":"repeat","background-position":"center center","background-size":"auto","background-attachment":"scroll","background-type":"","background-media":"","overlay-type":"","overlay-color":"","overlay-opacity":"","overlay-gradient":""},"mobile":{"background-color":"var(--ast-global-color-5)","background-image":"","background-repeat":"repeat","background-position":"center center","background-size":"auto","background-attachment":"scroll","background-type":"","background-media":"","overlay-type":"","overlay-color":"","overlay-opacity":"","overlay-gradient":""}},"footnotes":""},"categories":[43],"tags":[44,61,52,71,70],"class_list":["post-390","post","type-post","status-publish","format-standard","has-post-thumbnail","hentry","category-meteo-volcan","tag-la-reunion","tag-meteo","tag-ocean-indien","tag-piton-de-la-fournaise","tag-volcan"],"yoast_head":"<!-- This site is optimized with the Yoast SEO plugin v27.5 - https:\/\/yoast.com\/product\/yoast-seo-wordpress\/ -->\n<title>Votre m\u00e9t\u00e9o pour le Volcan du Piton de la Fournaise - M\u00e9t\u00e9o974<\/title>\n<meta name=\"description\" content=\"M\u00e9t\u00e9o Du Jour au Volcan Ile De La R\u00e9union - M\u00e9t\u00e9o974 - Pr\u00e9vision M\u00e9t\u00e9o Au Volcan - Temp\u00e9rature Sur Le Volcan - Piton de La Fournaise R\u00e9union\" \/>\n<meta name=\"robots\" content=\"index, follow, max-snippet:-1, max-image-preview:large, max-video-preview:-1\" \/>\n<link rel=\"canonical\" href=\"http:\/\/meteo974.fr\/?p=390\" \/>\n<meta property=\"og:locale\" content=\"fr_FR\" \/>\n<meta property=\"og:type\" content=\"article\" \/>\n<meta property=\"og:title\" content=\"Votre m\u00e9t\u00e9o pour le Volcan du Piton de la Fournaise - M\u00e9t\u00e9o974\" \/>\n<meta property=\"og:description\" content=\"M\u00e9t\u00e9o Du Jour au Volcan Ile De La R\u00e9union - M\u00e9t\u00e9o974 - Pr\u00e9vision M\u00e9t\u00e9o Au Volcan - Temp\u00e9rature Sur Le Volcan - Piton de La Fournaise R\u00e9union\" \/>\n<meta property=\"og:url\" content=\"http:\/\/meteo974.fr\/?p=390\" \/>\n<meta property=\"og:site_name\" content=\"M\u00e9t\u00e9o974\" \/>\n<meta property=\"article:published_time\" content=\"2024-09-15T14:49:51+00:00\" \/>\n<meta property=\"article:modified_time\" content=\"2024-09-15T14:50:32+00:00\" \/>\n<meta property=\"og:image\" content=\"http:\/\/meteo974.fr\/wp-content\/uploads\/2024\/08\/VOLCAN2.jpeg\" \/>\n\t<meta property=\"og:image:width\" content=\"1080\" \/>\n\t<meta property=\"og:image:height\" content=\"1080\" \/>\n\t<meta property=\"og:image:type\" content=\"image\/jpeg\" \/>\n<meta name=\"author\" content=\"Admin-974\" \/>\n<meta name=\"twitter:card\" content=\"summary_large_image\" \/>\n<meta name=\"twitter:label1\" content=\"\u00c9crit par\" \/>\n\t<meta name=\"twitter:data1\" content=\"Admin-974\" \/>\n\t<meta name=\"twitter:label2\" content=\"Dur\u00e9e de lecture estim\u00e9e\" \/>\n\t<meta name=\"twitter:data2\" content=\"1 minute\" \/>\n<script type=\"application\/ld+json\" class=\"yoast-schema-graph\">{\"@context\":\"https:\\\/\\\/schema.org\",\"@graph\":[{\"@type\":\"Article\",\"@id\":\"http:\\\/\\\/meteo974.fr\\\/?p=390#article\",\"isPartOf\":{\"@id\":\"http:\\\/\\\/meteo974.fr\\\/?p=390\"},\"author\":{\"name\":\"Admin-974\",\"@id\":\"http:\\\/\\\/meteo974.fr\\\/#\\\/schema\\\/person\\\/4ec916c19ddea8cd2fd4f39a02b71ef9\"},\"headline\":\"Votre m\u00e9t\u00e9o pour le Volcan du Piton de la Fournaise\",\"datePublished\":\"2024-09-15T14:49:51+00:00\",\"dateModified\":\"2024-09-15T14:50:32+00:00\",\"mainEntityOfPage\":{\"@id\":\"http:\\\/\\\/meteo974.fr\\\/?p=390\"},\"wordCount\":12,\"commentCount\":0,\"publisher\":{\"@id\":\"http:\\\/\\\/meteo974.fr\\\/#organization\"},\"image\":{\"@id\":\"http:\\\/\\\/meteo974.fr\\\/?p=390#primaryimage\"},\"thumbnailUrl\":\"https:\\\/\\\/meteo974.fr\\\/wp-content\\\/uploads\\\/2024\\\/08\\\/VOLCAN2.jpeg\",\"keywords\":[\"la R\u00e9union\",\"M\u00e9t\u00e9o\",\"Oc\u00e9an Indien\",\"Piton de la Fournaise\",\"Volcan\"],\"articleSection\":[\"Meteo-Volcan\"],\"inLanguage\":\"fr-FR\",\"potentialAction\":[{\"@type\":\"CommentAction\",\"name\":\"Comment\",\"target\":[\"http:\\\/\\\/meteo974.fr\\\/?p=390#respond\"]}]},{\"@type\":\"WebPage\",\"@id\":\"http:\\\/\\\/meteo974.fr\\\/?p=390\",\"url\":\"http:\\\/\\\/meteo974.fr\\\/?p=390\",\"name\":\"Votre m\u00e9t\u00e9o pour le Volcan du Piton de la Fournaise - M\u00e9t\u00e9o974\",\"isPartOf\":{\"@id\":\"http:\\\/\\\/meteo974.fr\\\/#website\"},\"primaryImageOfPage\":{\"@id\":\"http:\\\/\\\/meteo974.fr\\\/?p=390#primaryimage\"},\"image\":{\"@id\":\"http:\\\/\\\/meteo974.fr\\\/?p=390#primaryimage\"},\"thumbnailUrl\":\"https:\\\/\\\/meteo974.fr\\\/wp-content\\\/uploads\\\/2024\\\/08\\\/VOLCAN2.jpeg\",\"datePublished\":\"2024-09-15T14:49:51+00:00\",\"dateModified\":\"2024-09-15T14:50:32+00:00\",\"description\":\"M\u00e9t\u00e9o Du Jour au Volcan Ile De La R\u00e9union - M\u00e9t\u00e9o974 - Pr\u00e9vision M\u00e9t\u00e9o Au Volcan - Temp\u00e9rature Sur Le Volcan - Piton de La Fournaise R\u00e9union\",\"breadcrumb\":{\"@id\":\"http:\\\/\\\/meteo974.fr\\\/?p=390#breadcrumb\"},\"inLanguage\":\"fr-FR\",\"potentialAction\":[{\"@type\":\"ReadAction\",\"target\":[\"http:\\\/\\\/meteo974.fr\\\/?p=390\"]}]},{\"@type\":\"ImageObject\",\"inLanguage\":\"fr-FR\",\"@id\":\"http:\\\/\\\/meteo974.fr\\\/?p=390#primaryimage\",\"url\":\"https:\\\/\\\/meteo974.fr\\\/wp-content\\\/uploads\\\/2024\\\/08\\\/VOLCAN2.jpeg\",\"contentUrl\":\"https:\\\/\\\/meteo974.fr\\\/wp-content\\\/uploads\\\/2024\\\/08\\\/VOLCAN2.jpeg\",\"width\":1080,\"height\":1080},{\"@type\":\"BreadcrumbList\",\"@id\":\"http:\\\/\\\/meteo974.fr\\\/?p=390#breadcrumb\",\"itemListElement\":[{\"@type\":\"ListItem\",\"position\":1,\"name\":\"Accueil\",\"item\":\"http:\\\/\\\/meteo974.fr\\\/\"},{\"@type\":\"ListItem\",\"position\":2,\"name\":\"Votre m\u00e9t\u00e9o pour le Volcan du Piton de la Fournaise\"}]},{\"@type\":\"WebSite\",\"@id\":\"http:\\\/\\\/meteo974.fr\\\/#website\",\"url\":\"http:\\\/\\\/meteo974.fr\\\/\",\"name\":\"M\u00e9t\u00e9o974\",\"description\":\"Pr\u00e9voir, prot\u00e9ger, pr\u00e9server\",\"publisher\":{\"@id\":\"http:\\\/\\\/meteo974.fr\\\/#organization\"},\"potentialAction\":[{\"@type\":\"SearchAction\",\"target\":{\"@type\":\"EntryPoint\",\"urlTemplate\":\"http:\\\/\\\/meteo974.fr\\\/?s={search_term_string}\"},\"query-input\":{\"@type\":\"PropertyValueSpecification\",\"valueRequired\":true,\"valueName\":\"search_term_string\"}}],\"inLanguage\":\"fr-FR\"},{\"@type\":\"Organization\",\"@id\":\"http:\\\/\\\/meteo974.fr\\\/#organization\",\"name\":\"M\u00e9t\u00e9o974\",\"url\":\"http:\\\/\\\/meteo974.fr\\\/\",\"logo\":{\"@type\":\"ImageObject\",\"inLanguage\":\"fr-FR\",\"@id\":\"http:\\\/\\\/meteo974.fr\\\/#\\\/schema\\\/logo\\\/image\\\/\",\"url\":\"https:\\\/\\\/meteo974.fr\\\/wp-content\\\/uploads\\\/2024\\\/08\\\/logo-Horizontal-blanc-scaled.png\",\"contentUrl\":\"https:\\\/\\\/meteo974.fr\\\/wp-content\\\/uploads\\\/2024\\\/08\\\/logo-Horizontal-blanc-scaled.png\",\"width\":2560,\"height\":1172,\"caption\":\"M\u00e9t\u00e9o974\"},\"image\":{\"@id\":\"http:\\\/\\\/meteo974.fr\\\/#\\\/schema\\\/logo\\\/image\\\/\"}},{\"@type\":\"Person\",\"@id\":\"http:\\\/\\\/meteo974.fr\\\/#\\\/schema\\\/person\\\/4ec916c19ddea8cd2fd4f39a02b71ef9\",\"name\":\"Admin-974\",\"image\":{\"@type\":\"ImageObject\",\"inLanguage\":\"fr-FR\",\"@id\":\"https:\\\/\\\/secure.gravatar.com\\\/avatar\\\/24f9b823328d22d6492ae78f1f7cdb9760bb9969d271ceae9e10bbc4e6b39468?s=96&d=mm&r=g\",\"url\":\"https:\\\/\\\/secure.gravatar.com\\\/avatar\\\/24f9b823328d22d6492ae78f1f7cdb9760bb9969d271ceae9e10bbc4e6b39468?s=96&d=mm&r=g\",\"contentUrl\":\"https:\\\/\\\/secure.gravatar.com\\\/avatar\\\/24f9b823328d22d6492ae78f1f7cdb9760bb9969d271ceae9e10bbc4e6b39468?s=96&d=mm&r=g\",\"caption\":\"Admin-974\"},\"sameAs\":[\"http:\\\/\\\/meteo974.fr\"],\"url\":\"https:\\\/\\\/meteo974.fr\\\/?author=1\"}]}<\/script>\n<!-- \/ Yoast SEO plugin. -->","yoast_head_json":{"title":"Votre m\u00e9t\u00e9o pour le Volcan du Piton de la Fournaise - M\u00e9t\u00e9o974","description":"M\u00e9t\u00e9o Du Jour au Volcan Ile De La R\u00e9union - M\u00e9t\u00e9o974 - Pr\u00e9vision M\u00e9t\u00e9o Au Volcan - Temp\u00e9rature Sur Le Volcan - Piton de La Fournaise R\u00e9union","robots":{"index":"index","follow":"follow","max-snippet":"max-snippet:-1","max-image-preview":"max-image-preview:large","max-video-preview":"max-video-preview:-1"},"canonical":"http:\/\/meteo974.fr\/?p=390","og_locale":"fr_FR","og_type":"article","og_title":"Votre m\u00e9t\u00e9o pour le Volcan du Piton de la Fournaise - M\u00e9t\u00e9o974","og_description":"M\u00e9t\u00e9o Du Jour au Volcan Ile De La R\u00e9union - M\u00e9t\u00e9o974 - Pr\u00e9vision M\u00e9t\u00e9o Au Volcan - Temp\u00e9rature Sur Le Volcan - Piton de La Fournaise R\u00e9union","og_url":"http:\/\/meteo974.fr\/?p=390","og_site_name":"M\u00e9t\u00e9o974","article_published_time":"2024-09-15T14:49:51+00:00","article_modified_time":"2024-09-15T14:50:32+00:00","og_image":[{"width":1080,"height":1080,"url":"http:\/\/meteo974.fr\/wp-content\/uploads\/2024\/08\/VOLCAN2.jpeg","type":"image\/jpeg"}],"author":"Admin-974","twitter_card":"summary_large_image","twitter_misc":{"\u00c9crit par":"Admin-974","Dur\u00e9e de lecture estim\u00e9e":"1 minute"},"schema":{"@context":"https:\/\/schema.org","@graph":[{"@type":"Article","@id":"http:\/\/meteo974.fr\/?p=390#article","isPartOf":{"@id":"http:\/\/meteo974.fr\/?p=390"},"author":{"name":"Admin-974","@id":"http:\/\/meteo974.fr\/#\/schema\/person\/4ec916c19ddea8cd2fd4f39a02b71ef9"},"headline":"Votre m\u00e9t\u00e9o pour le Volcan du Piton de la Fournaise","datePublished":"2024-09-15T14:49:51+00:00","dateModified":"2024-09-15T14:50:32+00:00","mainEntityOfPage":{"@id":"http:\/\/meteo974.fr\/?p=390"},"wordCount":12,"commentCount":0,"publisher":{"@id":"http:\/\/meteo974.fr\/#organization"},"image":{"@id":"http:\/\/meteo974.fr\/?p=390#primaryimage"},"thumbnailUrl":"https:\/\/meteo974.fr\/wp-content\/uploads\/2024\/08\/VOLCAN2.jpeg","keywords":["la R\u00e9union","M\u00e9t\u00e9o","Oc\u00e9an Indien","Piton de la Fournaise","Volcan"],"articleSection":["Meteo-Volcan"],"inLanguage":"fr-FR","potentialAction":[{"@type":"CommentAction","name":"Comment","target":["http:\/\/meteo974.fr\/?p=390#respond"]}]},{"@type":"WebPage","@id":"http:\/\/meteo974.fr\/?p=390","url":"http:\/\/meteo974.fr\/?p=390","name":"Votre m\u00e9t\u00e9o pour le Volcan du Piton de la Fournaise - M\u00e9t\u00e9o974","isPartOf":{"@id":"http:\/\/meteo974.fr\/#website"},"primaryImageOfPage":{"@id":"http:\/\/meteo974.fr\/?p=390#primaryimage"},"image":{"@id":"http:\/\/meteo974.fr\/?p=390#primaryimage"},"thumbnailUrl":"https:\/\/meteo974.fr\/wp-content\/uploads\/2024\/08\/VOLCAN2.jpeg","datePublished":"2024-09-15T14:49:51+00:00","dateModified":"2024-09-15T14:50:32+00:00","description":"M\u00e9t\u00e9o Du Jour au Volcan Ile De La R\u00e9union - M\u00e9t\u00e9o974 - Pr\u00e9vision M\u00e9t\u00e9o Au Volcan - Temp\u00e9rature Sur Le Volcan - Piton de La Fournaise R\u00e9union","breadcrumb":{"@id":"http:\/\/meteo974.fr\/?p=390#breadcrumb"},"inLanguage":"fr-FR","potentialAction":[{"@type":"ReadAction","target":["http:\/\/meteo974.fr\/?p=390"]}]},{"@type":"ImageObject","inLanguage":"fr-FR","@id":"http:\/\/meteo974.fr\/?p=390#primaryimage","url":"https:\/\/meteo974.fr\/wp-content\/uploads\/2024\/08\/VOLCAN2.jpeg","contentUrl":"https:\/\/meteo974.fr\/wp-content\/uploads\/2024\/08\/VOLCAN2.jpeg","width":1080,"height":1080},{"@type":"BreadcrumbList","@id":"http:\/\/meteo974.fr\/?p=390#breadcrumb","itemListElement":[{"@type":"ListItem","position":1,"name":"Accueil","item":"http:\/\/meteo974.fr\/"},{"@type":"ListItem","position":2,"name":"Votre m\u00e9t\u00e9o pour le Volcan du Piton de la Fournaise"}]},{"@type":"WebSite","@id":"http:\/\/meteo974.fr\/#website","url":"http:\/\/meteo974.fr\/","name":"M\u00e9t\u00e9o974","description":"Pr\u00e9voir, prot\u00e9ger, pr\u00e9server","publisher":{"@id":"http:\/\/meteo974.fr\/#organization"},"potentialAction":[{"@type":"SearchAction","target":{"@type":"EntryPoint","urlTemplate":"http:\/\/meteo974.fr\/?s={search_term_string}"},"query-input":{"@type":"PropertyValueSpecification","valueRequired":true,"valueName":"search_term_string"}}],"inLanguage":"fr-FR"},{"@type":"Organization","@id":"http:\/\/meteo974.fr\/#organization","name":"M\u00e9t\u00e9o974","url":"http:\/\/meteo974.fr\/","logo":{"@type":"ImageObject","inLanguage":"fr-FR","@id":"http:\/\/meteo974.fr\/#\/schema\/logo\/image\/","url":"https:\/\/meteo974.fr\/wp-content\/uploads\/2024\/08\/logo-Horizontal-blanc-scaled.png","contentUrl":"https:\/\/meteo974.fr\/wp-content\/uploads\/2024\/08\/logo-Horizontal-blanc-scaled.png","width":2560,"height":1172,"caption":"M\u00e9t\u00e9o974"},"image":{"@id":"http:\/\/meteo974.fr\/#\/schema\/logo\/image\/"}},{"@type":"Person","@id":"http:\/\/meteo974.fr\/#\/schema\/person\/4ec916c19ddea8cd2fd4f39a02b71ef9","name":"Admin-974","image":{"@type":"ImageObject","inLanguage":"fr-FR","@id":"https:\/\/secure.gravatar.com\/avatar\/24f9b823328d22d6492ae78f1f7cdb9760bb9969d271ceae9e10bbc4e6b39468?s=96&d=mm&r=g","url":"https:\/\/secure.gravatar.com\/avatar\/24f9b823328d22d6492ae78f1f7cdb9760bb9969d271ceae9e10bbc4e6b39468?s=96&d=mm&r=g","contentUrl":"https:\/\/secure.gravatar.com\/avatar\/24f9b823328d22d6492ae78f1f7cdb9760bb9969d271ceae9e10bbc4e6b39468?s=96&d=mm&r=g","caption":"Admin-974"},"sameAs":["http:\/\/meteo974.fr"],"url":"https:\/\/meteo974.fr\/?author=1"}]}},"_links":{"self":[{"href":"https:\/\/meteo974.fr\/index.php?rest_route=\/wp\/v2\/posts\/390","targetHints":{"allow":["GET"]}}],"collection":[{"href":"https:\/\/meteo974.fr\/index.php?rest_route=\/wp\/v2\/posts"}],"about":[{"href":"https:\/\/meteo974.fr\/index.php?rest_route=\/wp\/v2\/types\/post"}],"author":[{"embeddable":true,"href":"https:\/\/meteo974.fr\/index.php?rest_route=\/wp\/v2\/users\/1"}],"replies":[{"embeddable":true,"href":"https:\/\/meteo974.fr\/index.php?rest_route=%2Fwp%2Fv2%2Fcomments&post=390"}],"version-history":[{"count":16,"href":"https:\/\/meteo974.fr\/index.php?rest_route=\/wp\/v2\/posts\/390\/revisions"}],"predecessor-version":[{"id":1787,"href":"https:\/\/meteo974.fr\/index.php?rest_route=\/wp\/v2\/posts\/390\/revisions\/1787"}],"wp:featuredmedia":[{"embeddable":true,"href":"https:\/\/meteo974.fr\/index.php?rest_route=\/wp\/v2\/media\/756"}],"wp:attachment":[{"href":"https:\/\/meteo974.fr\/index.php?rest_route=%2Fwp%2Fv2%2Fmedia&parent=390"}],"wp:term":[{"taxonomy":"category","embeddable":true,"href":"https:\/\/meteo974.fr\/index.php?rest_route=%2Fwp%2Fv2%2Fcategories&post=390"},{"taxonomy":"post_tag","embeddable":true,"href":"https:\/\/meteo974.fr\/index.php?rest_route=%2Fwp%2Fv2%2Ftags&post=390"}],"curies":[{"name":"wp","href":"https:\/\/api.w.org\/{rel}","templated":true}]}}