{"id":1642,"date":"2024-09-13T09:45:07","date_gmt":"2024-09-13T05:45:07","guid":{"rendered":"https:\/\/meteo974.fr\/?p=1642"},"modified":"2024-09-13T20:55:06","modified_gmt":"2024-09-13T16:55:06","slug":"front-froid-en-direct-13-09-2024","status":"publish","type":"post","link":"https:\/\/meteo974.fr\/?p=1642","title":{"rendered":"Front froid en direct (13\/09\/2024)"},"content":{"rendered":"\n<div class=\"wp-block-cover is-light\" style=\"margin-top:32px;margin-bottom:32px\"><span aria-hidden=\"true\" class=\"wp-block-cover__background has-background-dim\" style=\"background-color:#979ea6\"><\/span><img fetchpriority=\"high\" decoding=\"async\" width=\"1599\" height=\"899\" class=\"wp-block-cover__image-background wp-image-1643\" alt=\"\" src=\"https:\/\/meteo974.fr\/wp-content\/uploads\/2024\/09\/frontfroid3.jpeg\" data-object-fit=\"cover\"\/><div class=\"wp-block-cover__inner-container is-layout-flow wp-block-cover-is-layout-flow\">\n<h2 class=\"wp-block-heading has-text-align-center has-large-font-size\"><strong>Front froid en direct<\/strong> (13\/09\/2024)<\/h2>\n<\/div><\/div>\n\n\n\n<p>Suivez EN DIRECT l&rsquo;arriv\u00e9e, le passage du front froid et ses cons\u00e9quences sur la R\u00e9union <\/p>\n\n\n\n<p>Le radar des pr\u00e9cipitations en direct, les quantit\u00e9s de pluie des derni\u00e8res 24 heures (r\u00e9actualis\u00e9es toutes les heures), le vent et les rafales de vent, l&rsquo;humidit\u00e9 et les temp\u00e9ratures en direct, r\u00e9actualis\u00e9es tous les quarts d&rsquo;heure (avec notre partenaire <a href=\"https:\/\/www.meteociel.fr\/\" target=\"_blank\" rel=\"noreferrer noopener\">M\u00e9t\u00e9oCiel<\/a>)<\/p>\n\n\n\n<p>Heure UTC -> Rajoutez 4 heures pour l&rsquo;heure locale R\u00e9unionnaise<\/p>\n\n\n\n<p><a href=\"https:\/\/www.meteoblue.com\/fr\/region\/meteo\/satellite\/r%c3%a9union_la-r%c3%a9union_6690283\" target=\"_blank\" rel=\"noreferrer noopener\">ANIMATION SATELLITE de M\u00e9t\u00e9oBlue<\/a><\/p>\n\n\n\n<div class=\"wp-block-columns are-vertically-aligned-center is-layout-flex wp-container-core-columns-is-layout-28f84493 wp-block-columns-is-layout-flex\">\n<div class=\"wp-block-column is-vertically-aligned-center is-layout-flow wp-block-column-is-layout-flow\">\n<figure class=\"wp-block-image size-large has-custom-border\"><img decoding=\"async\" src=\"https:\/\/www.meteociel.fr\/cartes_obs\/radar\/lastradar5m_re2.gif\" alt=\"\" style=\"border-radius:12px\"\/><\/figure>\n\n\n\n<figure class=\"wp-block-image size-large\"><img decoding=\"async\" src=\"https:\/\/www.meteociel.fr\/cartes_obs\/vent_reu.png\" alt=\"\"\/><\/figure>\n\n\n\n<figure class=\"wp-block-image size-large\"><img decoding=\"async\" src=\"https:\/\/www.meteociel.fr\/cartes_obs\/rafales_reu.png\" alt=\"\"\/><\/figure>\n<\/div>\n\n\n\n<div class=\"wp-block-column is-vertically-aligned-center is-layout-flow wp-block-column-is-layout-flow\">\n<figure class=\"wp-block-image size-large\"><img decoding=\"async\" src=\"https:\/\/www.meteociel.fr\/cartes_obs\/rr2_reu.png\" alt=\"\"\/><\/figure>\n\n\n\n<figure class=\"wp-block-image size-large\"><img decoding=\"async\" src=\"https:\/\/www.meteociel.fr\/cartes_obs\/humi_reu.png\" alt=\"\"\/><\/figure>\n\n\n\n<figure class=\"wp-block-image size-large\"><img decoding=\"async\" src=\"https:\/\/www.meteociel.fr\/cartes_obs\/temp_reu.png\" alt=\"\"\/><\/figure>\n<\/div>\n<\/div>\n\n\n\n<div class=\"wp-block-columns are-vertically-aligned-center is-layout-flex wp-container-core-columns-is-layout-a5331a9e wp-block-columns-is-layout-flex\" style=\"padding-top:0;padding-right:0;padding-bottom:0;padding-left:0\">\n<div class=\"wp-block-column is-vertically-aligned-center is-layout-flow wp-block-column-is-layout-flow\" style=\"flex-basis:15%\">\n<p class=\"has-text-align-left\"><strong><mark style=\"background-color:rgba(0, 0, 0, 0);color:#0b0e4f\" class=\"has-inline-color\">Cat\u00e9gories<\/mark><\/strong><\/p>\n<\/div>\n\n\n\n<div class=\"wp-block-column is-vertically-aligned-center has-text-color has-link-color wp-elements-f7e1b2246115720c497f5c40769fcee1 is-layout-flow wp-block-column-is-layout-flow\" style=\"color:#59d49c;flex-basis:66.66%\"><div style=\"padding-right:0;padding-left:0;padding-top:var(--wp--preset--spacing--50);padding-bottom:var(--wp--preset--spacing--50)\" class=\"taxonomy-post_tag wp-block-post-terms\"><a href=\"https:\/\/meteo974.fr\/?tag=ciel\" rel=\"tag\">Ciel<\/a><span class=\"wp-block-post-terms__separator\"> | <\/span><a href=\"https:\/\/meteo974.fr\/?tag=front-froid\" rel=\"tag\">front froid<\/a><span class=\"wp-block-post-terms__separator\"> | <\/span><a href=\"https:\/\/meteo974.fr\/?tag=hiver-austral\" rel=\"tag\">hiver austral<\/a><span class=\"wp-block-post-terms__separator\"> | <\/span><a href=\"https:\/\/meteo974.fr\/?tag=horizon\" rel=\"tag\">Horizon<\/a><span class=\"wp-block-post-terms__separator\"> | <\/span><a href=\"https:\/\/meteo974.fr\/?tag=la-reunion\" rel=\"tag\">la R\u00e9union<\/a><span class=\"wp-block-post-terms__separator\"> | <\/span><a href=\"https:\/\/meteo974.fr\/?tag=ocean-indien\" rel=\"tag\">Oc\u00e9an Indien<\/a><span class=\"wp-block-post-terms__separator\"> | <\/span><a href=\"https:\/\/meteo974.fr\/?tag=pluie\" rel=\"tag\">Pluie<\/a><span class=\"wp-block-post-terms__separator\"> | <\/span><a href=\"https:\/\/meteo974.fr\/?tag=septembre\" rel=\"tag\">Septembre<\/a><span class=\"wp-block-post-terms__separator\"> | <\/span><a href=\"https:\/\/meteo974.fr\/?tag=vent\" rel=\"tag\">vent<\/a><\/div><\/div>\n<\/div>\n\n\n\n<hr class=\"wp-block-separator has-alpha-channel-opacity is-style-wide\" style=\"margin-top:2rem;margin-bottom:2rem\"\/>\n\n\n\n<p><\/p>\n","protected":false},"excerpt":{"rendered":"<p>Suivez EN DIRECT l&rsquo;arriv\u00e9e, le passage du front froid et ses cons\u00e9quences sur la R\u00e9union <\/p>\n","protected":false},"author":2,"featured_media":1643,"comment_status":"closed","ping_status":"open","sticky":false,"template":"","format":"standard","meta":{"site-sidebar-layout":"default","site-content-layout":"","ast-site-content-layout":"","site-content-style":"default","site-sidebar-style":"default","ast-global-header-display":"","ast-banner-title-visibility":"","ast-main-header-display":"","ast-hfb-above-header-display":"","ast-hfb-below-header-display":"","ast-hfb-mobile-header-display":"","site-post-title":"disabled","ast-breadcrumbs-content":"","ast-featured-img":"","footer-sml-layout":"","theme-transparent-header-meta":"","adv-header-id-meta":"","stick-header-meta":"","header-above-stick-meta":"","header-main-stick-meta":"","header-below-stick-meta":"","astra-migrate-meta-layouts":"default","ast-page-background-enabled":"default","ast-page-background-meta":{"desktop":{"background-color":"var(--ast-global-color-4)","background-image":"","background-repeat":"repeat","background-position":"center center","background-size":"auto","background-attachment":"scroll","background-type":"","background-media":"","overlay-type":"","overlay-color":"","overlay-opacity":"","overlay-gradient":""},"tablet":{"background-color":"","background-image":"","background-repeat":"repeat","background-position":"center center","background-size":"auto","background-attachment":"scroll","background-type":"","background-media":"","overlay-type":"","overlay-color":"","overlay-opacity":"","overlay-gradient":""},"mobile":{"background-color":"","background-image":"","background-repeat":"repeat","background-position":"center center","background-size":"auto","background-attachment":"scroll","background-type":"","background-media":"","overlay-type":"","overlay-color":"","overlay-opacity":"","overlay-gradient":""}},"ast-content-background-meta":{"desktop":{"background-color":"var(--ast-global-color-5)","background-image":"","background-repeat":"repeat","background-position":"center center","background-size":"auto","background-attachment":"scroll","background-type":"","background-media":"","overlay-type":"","overlay-color":"","overlay-opacity":"","overlay-gradient":""},"tablet":{"background-color":"var(--ast-global-color-5)","background-image":"","background-repeat":"repeat","background-position":"center center","background-size":"auto","background-attachment":"scroll","background-type":"","background-media":"","overlay-type":"","overlay-color":"","overlay-opacity":"","overlay-gradient":""},"mobile":{"background-color":"var(--ast-global-color-5)","background-image":"","background-repeat":"repeat","background-position":"center center","background-size":"auto","background-attachment":"scroll","background-type":"","background-media":"","overlay-type":"","overlay-color":"","overlay-opacity":"","overlay-gradient":""}},"footnotes":""},"categories":[4,8,1,5,3],"tags":[69,29,26,68,44,52,59,72,73],"class_list":["post-1642","post","type-post","status-publish","format-standard","has-post-thumbnail","hentry","category-climat","category-meteo","category-non-classe","category-ocean","category-rando","tag-ciel","tag-front-froid","tag-hiver-austral","tag-horizon","tag-la-reunion","tag-ocean-indien","tag-pluie","tag-septembre","tag-vent"],"yoast_head":"<!-- This site is optimized with the Yoast SEO plugin v27.5 - https:\/\/yoast.com\/product\/yoast-seo-wordpress\/ -->\n<title>Front froid en direct (13\/09\/2024) - M\u00e9t\u00e9o974<\/title>\n<meta name=\"robots\" content=\"index, follow, max-snippet:-1, max-image-preview:large, max-video-preview:-1\" \/>\n<link rel=\"canonical\" href=\"http:\/\/meteo974.fr\/?p=1642\" \/>\n<meta property=\"og:locale\" content=\"fr_FR\" \/>\n<meta property=\"og:type\" content=\"article\" \/>\n<meta property=\"og:title\" content=\"Front froid en direct (13\/09\/2024) - M\u00e9t\u00e9o974\" \/>\n<meta property=\"og:description\" content=\"Suivez EN DIRECT l&#039;arriv\u00e9e, le passage du front froid et ses cons\u00e9quences sur la R\u00e9union\" \/>\n<meta property=\"og:url\" content=\"http:\/\/meteo974.fr\/?p=1642\" \/>\n<meta property=\"og:site_name\" content=\"M\u00e9t\u00e9o974\" \/>\n<meta property=\"article:published_time\" content=\"2024-09-13T05:45:07+00:00\" \/>\n<meta property=\"article:modified_time\" content=\"2024-09-13T16:55:06+00:00\" \/>\n<meta property=\"og:image\" content=\"http:\/\/meteo974.fr\/wp-content\/uploads\/2024\/09\/frontfroid3.jpeg\" \/>\n\t<meta property=\"og:image:width\" content=\"1599\" \/>\n\t<meta property=\"og:image:height\" content=\"899\" \/>\n\t<meta property=\"og:image:type\" content=\"image\/jpeg\" \/>\n<meta name=\"author\" content=\"Fr\u00e9d\u00e9ric Decker\" \/>\n<meta name=\"twitter:card\" content=\"summary_large_image\" \/>\n<meta name=\"twitter:label1\" content=\"\u00c9crit par\" \/>\n\t<meta name=\"twitter:data1\" content=\"Fr\u00e9d\u00e9ric Decker\" \/>\n\t<meta name=\"twitter:label2\" content=\"Dur\u00e9e de lecture estim\u00e9e\" \/>\n\t<meta name=\"twitter:data2\" content=\"2 minutes\" \/>\n<script type=\"application\/ld+json\" class=\"yoast-schema-graph\">{\"@context\":\"https:\\\/\\\/schema.org\",\"@graph\":[{\"@type\":\"Article\",\"@id\":\"http:\\\/\\\/meteo974.fr\\\/?p=1642#article\",\"isPartOf\":{\"@id\":\"http:\\\/\\\/meteo974.fr\\\/?p=1642\"},\"author\":{\"name\":\"Fr\u00e9d\u00e9ric Decker\",\"@id\":\"http:\\\/\\\/meteo974.fr\\\/#\\\/schema\\\/person\\\/4fa1c831e36bb8011f6eddbd5dabd9c4\"},\"headline\":\"Front froid en direct (13\\\/09\\\/2024)\",\"datePublished\":\"2024-09-13T05:45:07+00:00\",\"dateModified\":\"2024-09-13T16:55:06+00:00\",\"mainEntityOfPage\":{\"@id\":\"http:\\\/\\\/meteo974.fr\\\/?p=1642\"},\"wordCount\":93,\"publisher\":{\"@id\":\"http:\\\/\\\/meteo974.fr\\\/#organization\"},\"image\":{\"@id\":\"http:\\\/\\\/meteo974.fr\\\/?p=1642#primaryimage\"},\"thumbnailUrl\":\"https:\\\/\\\/meteo974.fr\\\/wp-content\\\/uploads\\\/2024\\\/09\\\/frontfroid3.jpeg\",\"keywords\":[\"Ciel\",\"front froid\",\"hiver austral\",\"Horizon\",\"la R\u00e9union\",\"Oc\u00e9an Indien\",\"Pluie\",\"Septembre\",\"vent\"],\"articleSection\":{\"0\":\"Climat\",\"1\":\"Meteo\",\"3\":\"Oc\u00e9an\",\"4\":\"Randonn\u00e9es\"},\"inLanguage\":\"fr-FR\"},{\"@type\":\"WebPage\",\"@id\":\"http:\\\/\\\/meteo974.fr\\\/?p=1642\",\"url\":\"http:\\\/\\\/meteo974.fr\\\/?p=1642\",\"name\":\"Front froid en direct (13\\\/09\\\/2024) - M\u00e9t\u00e9o974\",\"isPartOf\":{\"@id\":\"http:\\\/\\\/meteo974.fr\\\/#website\"},\"primaryImageOfPage\":{\"@id\":\"http:\\\/\\\/meteo974.fr\\\/?p=1642#primaryimage\"},\"image\":{\"@id\":\"http:\\\/\\\/meteo974.fr\\\/?p=1642#primaryimage\"},\"thumbnailUrl\":\"https:\\\/\\\/meteo974.fr\\\/wp-content\\\/uploads\\\/2024\\\/09\\\/frontfroid3.jpeg\",\"datePublished\":\"2024-09-13T05:45:07+00:00\",\"dateModified\":\"2024-09-13T16:55:06+00:00\",\"breadcrumb\":{\"@id\":\"http:\\\/\\\/meteo974.fr\\\/?p=1642#breadcrumb\"},\"inLanguage\":\"fr-FR\",\"potentialAction\":[{\"@type\":\"ReadAction\",\"target\":[\"http:\\\/\\\/meteo974.fr\\\/?p=1642\"]}]},{\"@type\":\"ImageObject\",\"inLanguage\":\"fr-FR\",\"@id\":\"http:\\\/\\\/meteo974.fr\\\/?p=1642#primaryimage\",\"url\":\"https:\\\/\\\/meteo974.fr\\\/wp-content\\\/uploads\\\/2024\\\/09\\\/frontfroid3.jpeg\",\"contentUrl\":\"https:\\\/\\\/meteo974.fr\\\/wp-content\\\/uploads\\\/2024\\\/09\\\/frontfroid3.jpeg\",\"width\":1599,\"height\":899},{\"@type\":\"BreadcrumbList\",\"@id\":\"http:\\\/\\\/meteo974.fr\\\/?p=1642#breadcrumb\",\"itemListElement\":[{\"@type\":\"ListItem\",\"position\":1,\"name\":\"Accueil\",\"item\":\"http:\\\/\\\/meteo974.fr\\\/\"},{\"@type\":\"ListItem\",\"position\":2,\"name\":\"Front froid en direct (13\\\/09\\\/2024)\"}]},{\"@type\":\"WebSite\",\"@id\":\"http:\\\/\\\/meteo974.fr\\\/#website\",\"url\":\"http:\\\/\\\/meteo974.fr\\\/\",\"name\":\"M\u00e9t\u00e9o974\",\"description\":\"Pr\u00e9voir, prot\u00e9ger, pr\u00e9server\",\"publisher\":{\"@id\":\"http:\\\/\\\/meteo974.fr\\\/#organization\"},\"potentialAction\":[{\"@type\":\"SearchAction\",\"target\":{\"@type\":\"EntryPoint\",\"urlTemplate\":\"http:\\\/\\\/meteo974.fr\\\/?s={search_term_string}\"},\"query-input\":{\"@type\":\"PropertyValueSpecification\",\"valueRequired\":true,\"valueName\":\"search_term_string\"}}],\"inLanguage\":\"fr-FR\"},{\"@type\":\"Organization\",\"@id\":\"http:\\\/\\\/meteo974.fr\\\/#organization\",\"name\":\"M\u00e9t\u00e9o974\",\"url\":\"http:\\\/\\\/meteo974.fr\\\/\",\"logo\":{\"@type\":\"ImageObject\",\"inLanguage\":\"fr-FR\",\"@id\":\"http:\\\/\\\/meteo974.fr\\\/#\\\/schema\\\/logo\\\/image\\\/\",\"url\":\"https:\\\/\\\/meteo974.fr\\\/wp-content\\\/uploads\\\/2024\\\/08\\\/logo-Horizontal-blanc-scaled.png\",\"contentUrl\":\"https:\\\/\\\/meteo974.fr\\\/wp-content\\\/uploads\\\/2024\\\/08\\\/logo-Horizontal-blanc-scaled.png\",\"width\":2560,\"height\":1172,\"caption\":\"M\u00e9t\u00e9o974\"},\"image\":{\"@id\":\"http:\\\/\\\/meteo974.fr\\\/#\\\/schema\\\/logo\\\/image\\\/\"}},{\"@type\":\"Person\",\"@id\":\"http:\\\/\\\/meteo974.fr\\\/#\\\/schema\\\/person\\\/4fa1c831e36bb8011f6eddbd5dabd9c4\",\"name\":\"Fr\u00e9d\u00e9ric Decker\",\"image\":{\"@type\":\"ImageObject\",\"inLanguage\":\"fr-FR\",\"@id\":\"https:\\\/\\\/secure.gravatar.com\\\/avatar\\\/f468fb323f230eb667b17592796cc910b4c519ad009fc1b1cd77030c7d928123?s=96&d=mm&r=g\",\"url\":\"https:\\\/\\\/secure.gravatar.com\\\/avatar\\\/f468fb323f230eb667b17592796cc910b4c519ad009fc1b1cd77030c7d928123?s=96&d=mm&r=g\",\"contentUrl\":\"https:\\\/\\\/secure.gravatar.com\\\/avatar\\\/f468fb323f230eb667b17592796cc910b4c519ad009fc1b1cd77030c7d928123?s=96&d=mm&r=g\",\"caption\":\"Fr\u00e9d\u00e9ric Decker\"},\"sameAs\":[\"http:\\\/\\\/www.meteo974.fr\"],\"url\":\"https:\\\/\\\/meteo974.fr\\\/?author=2\"}]}<\/script>\n<!-- \/ Yoast SEO plugin. -->","yoast_head_json":{"title":"Front froid en direct (13\/09\/2024) - M\u00e9t\u00e9o974","robots":{"index":"index","follow":"follow","max-snippet":"max-snippet:-1","max-image-preview":"max-image-preview:large","max-video-preview":"max-video-preview:-1"},"canonical":"http:\/\/meteo974.fr\/?p=1642","og_locale":"fr_FR","og_type":"article","og_title":"Front froid en direct (13\/09\/2024) - M\u00e9t\u00e9o974","og_description":"Suivez EN DIRECT l'arriv\u00e9e, le passage du front froid et ses cons\u00e9quences sur la R\u00e9union","og_url":"http:\/\/meteo974.fr\/?p=1642","og_site_name":"M\u00e9t\u00e9o974","article_published_time":"2024-09-13T05:45:07+00:00","article_modified_time":"2024-09-13T16:55:06+00:00","og_image":[{"width":1599,"height":899,"url":"http:\/\/meteo974.fr\/wp-content\/uploads\/2024\/09\/frontfroid3.jpeg","type":"image\/jpeg"}],"author":"Fr\u00e9d\u00e9ric Decker","twitter_card":"summary_large_image","twitter_misc":{"\u00c9crit par":"Fr\u00e9d\u00e9ric Decker","Dur\u00e9e de lecture estim\u00e9e":"2 minutes"},"schema":{"@context":"https:\/\/schema.org","@graph":[{"@type":"Article","@id":"http:\/\/meteo974.fr\/?p=1642#article","isPartOf":{"@id":"http:\/\/meteo974.fr\/?p=1642"},"author":{"name":"Fr\u00e9d\u00e9ric Decker","@id":"http:\/\/meteo974.fr\/#\/schema\/person\/4fa1c831e36bb8011f6eddbd5dabd9c4"},"headline":"Front froid en direct (13\/09\/2024)","datePublished":"2024-09-13T05:45:07+00:00","dateModified":"2024-09-13T16:55:06+00:00","mainEntityOfPage":{"@id":"http:\/\/meteo974.fr\/?p=1642"},"wordCount":93,"publisher":{"@id":"http:\/\/meteo974.fr\/#organization"},"image":{"@id":"http:\/\/meteo974.fr\/?p=1642#primaryimage"},"thumbnailUrl":"https:\/\/meteo974.fr\/wp-content\/uploads\/2024\/09\/frontfroid3.jpeg","keywords":["Ciel","front froid","hiver austral","Horizon","la R\u00e9union","Oc\u00e9an Indien","Pluie","Septembre","vent"],"articleSection":{"0":"Climat","1":"Meteo","3":"Oc\u00e9an","4":"Randonn\u00e9es"},"inLanguage":"fr-FR"},{"@type":"WebPage","@id":"http:\/\/meteo974.fr\/?p=1642","url":"http:\/\/meteo974.fr\/?p=1642","name":"Front froid en direct (13\/09\/2024) - M\u00e9t\u00e9o974","isPartOf":{"@id":"http:\/\/meteo974.fr\/#website"},"primaryImageOfPage":{"@id":"http:\/\/meteo974.fr\/?p=1642#primaryimage"},"image":{"@id":"http:\/\/meteo974.fr\/?p=1642#primaryimage"},"thumbnailUrl":"https:\/\/meteo974.fr\/wp-content\/uploads\/2024\/09\/frontfroid3.jpeg","datePublished":"2024-09-13T05:45:07+00:00","dateModified":"2024-09-13T16:55:06+00:00","breadcrumb":{"@id":"http:\/\/meteo974.fr\/?p=1642#breadcrumb"},"inLanguage":"fr-FR","potentialAction":[{"@type":"ReadAction","target":["http:\/\/meteo974.fr\/?p=1642"]}]},{"@type":"ImageObject","inLanguage":"fr-FR","@id":"http:\/\/meteo974.fr\/?p=1642#primaryimage","url":"https:\/\/meteo974.fr\/wp-content\/uploads\/2024\/09\/frontfroid3.jpeg","contentUrl":"https:\/\/meteo974.fr\/wp-content\/uploads\/2024\/09\/frontfroid3.jpeg","width":1599,"height":899},{"@type":"BreadcrumbList","@id":"http:\/\/meteo974.fr\/?p=1642#breadcrumb","itemListElement":[{"@type":"ListItem","position":1,"name":"Accueil","item":"http:\/\/meteo974.fr\/"},{"@type":"ListItem","position":2,"name":"Front froid en direct (13\/09\/2024)"}]},{"@type":"WebSite","@id":"http:\/\/meteo974.fr\/#website","url":"http:\/\/meteo974.fr\/","name":"M\u00e9t\u00e9o974","description":"Pr\u00e9voir, prot\u00e9ger, pr\u00e9server","publisher":{"@id":"http:\/\/meteo974.fr\/#organization"},"potentialAction":[{"@type":"SearchAction","target":{"@type":"EntryPoint","urlTemplate":"http:\/\/meteo974.fr\/?s={search_term_string}"},"query-input":{"@type":"PropertyValueSpecification","valueRequired":true,"valueName":"search_term_string"}}],"inLanguage":"fr-FR"},{"@type":"Organization","@id":"http:\/\/meteo974.fr\/#organization","name":"M\u00e9t\u00e9o974","url":"http:\/\/meteo974.fr\/","logo":{"@type":"ImageObject","inLanguage":"fr-FR","@id":"http:\/\/meteo974.fr\/#\/schema\/logo\/image\/","url":"https:\/\/meteo974.fr\/wp-content\/uploads\/2024\/08\/logo-Horizontal-blanc-scaled.png","contentUrl":"https:\/\/meteo974.fr\/wp-content\/uploads\/2024\/08\/logo-Horizontal-blanc-scaled.png","width":2560,"height":1172,"caption":"M\u00e9t\u00e9o974"},"image":{"@id":"http:\/\/meteo974.fr\/#\/schema\/logo\/image\/"}},{"@type":"Person","@id":"http:\/\/meteo974.fr\/#\/schema\/person\/4fa1c831e36bb8011f6eddbd5dabd9c4","name":"Fr\u00e9d\u00e9ric Decker","image":{"@type":"ImageObject","inLanguage":"fr-FR","@id":"https:\/\/secure.gravatar.com\/avatar\/f468fb323f230eb667b17592796cc910b4c519ad009fc1b1cd77030c7d928123?s=96&d=mm&r=g","url":"https:\/\/secure.gravatar.com\/avatar\/f468fb323f230eb667b17592796cc910b4c519ad009fc1b1cd77030c7d928123?s=96&d=mm&r=g","contentUrl":"https:\/\/secure.gravatar.com\/avatar\/f468fb323f230eb667b17592796cc910b4c519ad009fc1b1cd77030c7d928123?s=96&d=mm&r=g","caption":"Fr\u00e9d\u00e9ric Decker"},"sameAs":["http:\/\/www.meteo974.fr"],"url":"https:\/\/meteo974.fr\/?author=2"}]}},"_links":{"self":[{"href":"https:\/\/meteo974.fr\/index.php?rest_route=\/wp\/v2\/posts\/1642","targetHints":{"allow":["GET"]}}],"collection":[{"href":"https:\/\/meteo974.fr\/index.php?rest_route=\/wp\/v2\/posts"}],"about":[{"href":"https:\/\/meteo974.fr\/index.php?rest_route=\/wp\/v2\/types\/post"}],"author":[{"embeddable":true,"href":"https:\/\/meteo974.fr\/index.php?rest_route=\/wp\/v2\/users\/2"}],"replies":[{"embeddable":true,"href":"https:\/\/meteo974.fr\/index.php?rest_route=%2Fwp%2Fv2%2Fcomments&post=1642"}],"version-history":[{"count":8,"href":"https:\/\/meteo974.fr\/index.php?rest_route=\/wp\/v2\/posts\/1642\/revisions"}],"predecessor-version":[{"id":1653,"href":"https:\/\/meteo974.fr\/index.php?rest_route=\/wp\/v2\/posts\/1642\/revisions\/1653"}],"wp:featuredmedia":[{"embeddable":true,"href":"https:\/\/meteo974.fr\/index.php?rest_route=\/wp\/v2\/media\/1643"}],"wp:attachment":[{"href":"https:\/\/meteo974.fr\/index.php?rest_route=%2Fwp%2Fv2%2Fmedia&parent=1642"}],"wp:term":[{"taxonomy":"category","embeddable":true,"href":"https:\/\/meteo974.fr\/index.php?rest_route=%2Fwp%2Fv2%2Fcategories&post=1642"},{"taxonomy":"post_tag","embeddable":true,"href":"https:\/\/meteo974.fr\/index.php?rest_route=%2Fwp%2Fv2%2Ftags&post=1642"}],"curies":[{"name":"wp","href":"https:\/\/api.w.org\/{rel}","templated":true}]}}