{"id":129,"date":"2024-10-21T19:11:03","date_gmt":"2024-10-21T15:11:03","guid":{"rendered":"http:\/\/meteo974.fr\/?p=129"},"modified":"2025-03-17T20:40:52","modified_gmt":"2025-03-17T16:40:52","slug":"rando-est-semaine-11-07-24","status":"publish","type":"post","link":"https:\/\/meteo974.fr\/?p=129","title":{"rendered":"Rando Est : mars 2025"},"content":{"rendered":"\n<div class=\"wp-block-columns are-vertically-aligned-center is-layout-flex wp-container-core-columns-is-layout-28f84493 wp-block-columns-is-layout-flex\">\n<div class=\"wp-block-column is-vertically-aligned-center is-layout-flow wp-block-column-is-layout-flow\" style=\"flex-basis:33.33%\">\n<figure class=\"wp-block-image size-full\"><img fetchpriority=\"high\" decoding=\"async\" width=\"1868\" height=\"1263\" src=\"http:\/\/meteo974.fr\/wp-content\/uploads\/2024\/08\/meteo974est.png\" alt=\"\" class=\"wp-image-749\" srcset=\"https:\/\/meteo974.fr\/wp-content\/uploads\/2024\/08\/meteo974est.png 1868w, https:\/\/meteo974.fr\/wp-content\/uploads\/2024\/08\/meteo974est-300x203.png 300w, https:\/\/meteo974.fr\/wp-content\/uploads\/2024\/08\/meteo974est-1024x692.png 1024w, https:\/\/meteo974.fr\/wp-content\/uploads\/2024\/08\/meteo974est-768x519.png 768w, https:\/\/meteo974.fr\/wp-content\/uploads\/2024\/08\/meteo974est-1536x1039.png 1536w\" sizes=\"(max-width: 1868px) 100vw, 1868px\" \/><\/figure>\n<\/div>\n\n\n\n<div class=\"wp-block-column is-vertically-aligned-center is-layout-flow wp-block-column-is-layout-flow\" style=\"flex-basis:66.66%\">\n<p><strong><mark style=\"background-color:rgba(0, 0, 0, 0);color:#91b5fc\" class=\"has-inline-color\">TENDANCE G\u00c9N\u00c9RALE<\/mark><\/strong><br>L&rsquo;Est de la R\u00e9union est traditionnellement tr\u00e8s arros\u00e9 tout au long de l&rsquo;ann\u00e9e. C&rsquo;est \u00e9videmment le cas du mois de mars qui est un des mois les plus arros\u00e9s de l&rsquo;ann\u00e9e apr\u00e8s janvier et f\u00e9vrier. Il est imp\u00e9ratif de consulter la m\u00e9t\u00e9o avant de partir en vadrouille, au risque de croiser un orage ou une ravine en crue !<\/p>\n<\/div>\n<\/div>\n\n\n\n<p>Suite au passage du cyclone intense GARANCE le 28 f\u00e9vrier, certains sentiers de randonn\u00e9es sont difficilement praticables voire ferm\u00e9s. Renseignez-vous bien avant de partir. Ne vous mettez pas en danger !<br><br><\/p>\n\n\n\n<div class=\"wp-block-columns is-layout-flex wp-container-core-columns-is-layout-28f84493 wp-block-columns-is-layout-flex\"><\/div>\n\n\n\n<hr class=\"wp-block-separator has-text-color has-ast-global-color-7-color has-alpha-channel-opacity has-ast-global-color-7-background-color has-background is-style-wide\" style=\"margin-top:var(--wp--preset--spacing--50);margin-bottom:var(--wp--preset--spacing--50)\"\/>\n\n\n<div style=\"color:#59d49c;padding-top:var(--wp--preset--spacing--40);padding-bottom:var(--wp--preset--spacing--40)\" class=\"taxonomy-post_tag has-link-color wp-elements-ba41d48e5b473498a658f795d66a497c wp-block-post-terms has-text-color\"><a href=\"https:\/\/meteo974.fr\/?tag=conseils-de-randonnee\" rel=\"tag\">conseils de randonn\u00e9e<\/a><span class=\"wp-block-post-terms__separator\"> |  <\/span><a href=\"https:\/\/meteo974.fr\/?tag=la-reunion\" rel=\"tag\">la R\u00e9union<\/a><span class=\"wp-block-post-terms__separator\"> |  <\/span><a href=\"https:\/\/meteo974.fr\/?tag=securite\" rel=\"tag\">s\u00e9curit\u00e9<\/a><span class=\"wp-block-post-terms__separator\"> |  <\/span><a href=\"https:\/\/meteo974.fr\/?tag=securite-en-montagne\" rel=\"tag\">s\u00e9curit\u00e9 en montagne<\/a><\/div>","protected":false},"excerpt":{"rendered":"<p>Ce d\u00e9but de semaine jusqu&rsquo;\u00e0 jeudi restera globalement sec ou peu arros\u00e9, conditions bonnes pour les randos en altitude&#8230;<\/p>\n","protected":false},"author":1,"featured_media":749,"comment_status":"closed","ping_status":"open","sticky":false,"template":"","format":"standard","meta":{"site-sidebar-layout":"default","site-content-layout":"","ast-site-content-layout":"","site-content-style":"default","site-sidebar-style":"default","ast-global-header-display":"","ast-banner-title-visibility":"","ast-main-header-display":"","ast-hfb-above-header-display":"","ast-hfb-below-header-display":"","ast-hfb-mobile-header-display":"","site-post-title":"","ast-breadcrumbs-content":"","ast-featured-img":"","footer-sml-layout":"","theme-transparent-header-meta":"","adv-header-id-meta":"","stick-header-meta":"","header-above-stick-meta":"","header-main-stick-meta":"","header-below-stick-meta":"","astra-migrate-meta-layouts":"default","ast-page-background-enabled":"default","ast-page-background-meta":{"desktop":{"background-color":"var(--ast-global-color-4)","background-image":"","background-repeat":"repeat","background-position":"center center","background-size":"auto","background-attachment":"scroll","background-type":"","background-media":"","overlay-type":"","overlay-color":"","overlay-opacity":"","overlay-gradient":""},"tablet":{"background-color":"","background-image":"","background-repeat":"repeat","background-position":"center center","background-size":"auto","background-attachment":"scroll","background-type":"","background-media":"","overlay-type":"","overlay-color":"","overlay-opacity":"","overlay-gradient":""},"mobile":{"background-color":"","background-image":"","background-repeat":"repeat","background-position":"center center","background-size":"auto","background-attachment":"scroll","background-type":"","background-media":"","overlay-type":"","overlay-color":"","overlay-opacity":"","overlay-gradient":""}},"ast-content-background-meta":{"desktop":{"background-color":"var(--ast-global-color-5)","background-image":"","background-repeat":"repeat","background-position":"center center","background-size":"auto","background-attachment":"scroll","background-type":"","background-media":"","overlay-type":"","overlay-color":"","overlay-opacity":"","overlay-gradient":""},"tablet":{"background-color":"var(--ast-global-color-5)","background-image":"","background-repeat":"repeat","background-position":"center center","background-size":"auto","background-attachment":"scroll","background-type":"","background-media":"","overlay-type":"","overlay-color":"","overlay-opacity":"","overlay-gradient":""},"mobile":{"background-color":"var(--ast-global-color-5)","background-image":"","background-repeat":"repeat","background-position":"center center","background-size":"auto","background-attachment":"scroll","background-type":"","background-media":"","overlay-type":"","overlay-color":"","overlay-opacity":"","overlay-gradient":""}},"footnotes":""},"categories":[38],"tags":[10,44,16,11],"class_list":["post-129","post","type-post","status-publish","format-standard","has-post-thumbnail","hentry","category-rando-est","tag-conseils-de-randonnee","tag-la-reunion","tag-securite","tag-securite-en-montagne"],"yoast_head":"<!-- This site is optimized with the Yoast SEO plugin v27.5 - https:\/\/yoast.com\/product\/yoast-seo-wordpress\/ -->\n<title>Rando Est : mars 2025 - M\u00e9t\u00e9o974<\/title>\n<meta name=\"robots\" content=\"index, follow, max-snippet:-1, max-image-preview:large, max-video-preview:-1\" \/>\n<link rel=\"canonical\" href=\"https:\/\/meteo974.fr\/?p=129\" \/>\n<meta property=\"og:locale\" content=\"fr_FR\" \/>\n<meta property=\"og:type\" content=\"article\" \/>\n<meta property=\"og:title\" content=\"Rando Est : mars 2025 - M\u00e9t\u00e9o974\" \/>\n<meta property=\"og:description\" content=\"Ce d\u00e9but de semaine jusqu&#039;\u00e0 jeudi restera globalement sec ou peu arros\u00e9, conditions bonnes pour les randos en altitude...\" \/>\n<meta property=\"og:url\" content=\"https:\/\/meteo974.fr\/?p=129\" \/>\n<meta property=\"og:site_name\" content=\"M\u00e9t\u00e9o974\" \/>\n<meta property=\"article:published_time\" content=\"2024-10-21T15:11:03+00:00\" \/>\n<meta property=\"article:modified_time\" content=\"2025-03-17T16:40:52+00:00\" \/>\n<meta property=\"og:image\" content=\"https:\/\/meteo974.fr\/wp-content\/uploads\/2024\/08\/meteo974est.png\" \/>\n\t<meta property=\"og:image:width\" content=\"1868\" \/>\n\t<meta property=\"og:image:height\" content=\"1263\" \/>\n\t<meta property=\"og:image:type\" content=\"image\/png\" \/>\n<meta name=\"author\" content=\"Admin-974\" \/>\n<meta name=\"twitter:card\" content=\"summary_large_image\" \/>\n<meta name=\"twitter:label1\" content=\"\u00c9crit par\" \/>\n\t<meta name=\"twitter:data1\" content=\"Admin-974\" \/>\n\t<meta name=\"twitter:label2\" content=\"Dur\u00e9e de lecture estim\u00e9e\" \/>\n\t<meta name=\"twitter:data2\" content=\"1 minute\" \/>\n<script type=\"application\/ld+json\" class=\"yoast-schema-graph\">{\"@context\":\"https:\\\/\\\/schema.org\",\"@graph\":[{\"@type\":\"Article\",\"@id\":\"https:\\\/\\\/meteo974.fr\\\/?p=129#article\",\"isPartOf\":{\"@id\":\"https:\\\/\\\/meteo974.fr\\\/?p=129\"},\"author\":{\"name\":\"Admin-974\",\"@id\":\"http:\\\/\\\/meteo974.fr\\\/#\\\/schema\\\/person\\\/4ec916c19ddea8cd2fd4f39a02b71ef9\"},\"headline\":\"Rando Est : mars 2025\",\"datePublished\":\"2024-10-21T15:11:03+00:00\",\"dateModified\":\"2025-03-17T16:40:52+00:00\",\"mainEntityOfPage\":{\"@id\":\"https:\\\/\\\/meteo974.fr\\\/?p=129\"},\"wordCount\":107,\"publisher\":{\"@id\":\"http:\\\/\\\/meteo974.fr\\\/#organization\"},\"image\":{\"@id\":\"https:\\\/\\\/meteo974.fr\\\/?p=129#primaryimage\"},\"thumbnailUrl\":\"https:\\\/\\\/meteo974.fr\\\/wp-content\\\/uploads\\\/2024\\\/08\\\/meteo974est.png\",\"keywords\":[\"conseils de randonn\u00e9e\",\"la R\u00e9union\",\"s\u00e9curit\u00e9\",\"s\u00e9curit\u00e9 en montagne\"],\"articleSection\":[\"Rando-Est\"],\"inLanguage\":\"fr-FR\"},{\"@type\":\"WebPage\",\"@id\":\"https:\\\/\\\/meteo974.fr\\\/?p=129\",\"url\":\"https:\\\/\\\/meteo974.fr\\\/?p=129\",\"name\":\"Rando Est : mars 2025 - M\u00e9t\u00e9o974\",\"isPartOf\":{\"@id\":\"http:\\\/\\\/meteo974.fr\\\/#website\"},\"primaryImageOfPage\":{\"@id\":\"https:\\\/\\\/meteo974.fr\\\/?p=129#primaryimage\"},\"image\":{\"@id\":\"https:\\\/\\\/meteo974.fr\\\/?p=129#primaryimage\"},\"thumbnailUrl\":\"https:\\\/\\\/meteo974.fr\\\/wp-content\\\/uploads\\\/2024\\\/08\\\/meteo974est.png\",\"datePublished\":\"2024-10-21T15:11:03+00:00\",\"dateModified\":\"2025-03-17T16:40:52+00:00\",\"breadcrumb\":{\"@id\":\"https:\\\/\\\/meteo974.fr\\\/?p=129#breadcrumb\"},\"inLanguage\":\"fr-FR\",\"potentialAction\":[{\"@type\":\"ReadAction\",\"target\":[\"https:\\\/\\\/meteo974.fr\\\/?p=129\"]}]},{\"@type\":\"ImageObject\",\"inLanguage\":\"fr-FR\",\"@id\":\"https:\\\/\\\/meteo974.fr\\\/?p=129#primaryimage\",\"url\":\"https:\\\/\\\/meteo974.fr\\\/wp-content\\\/uploads\\\/2024\\\/08\\\/meteo974est.png\",\"contentUrl\":\"https:\\\/\\\/meteo974.fr\\\/wp-content\\\/uploads\\\/2024\\\/08\\\/meteo974est.png\",\"width\":1868,\"height\":1263},{\"@type\":\"BreadcrumbList\",\"@id\":\"https:\\\/\\\/meteo974.fr\\\/?p=129#breadcrumb\",\"itemListElement\":[{\"@type\":\"ListItem\",\"position\":1,\"name\":\"Accueil\",\"item\":\"http:\\\/\\\/meteo974.fr\\\/\"},{\"@type\":\"ListItem\",\"position\":2,\"name\":\"Rando Est : mars 2025\"}]},{\"@type\":\"WebSite\",\"@id\":\"http:\\\/\\\/meteo974.fr\\\/#website\",\"url\":\"http:\\\/\\\/meteo974.fr\\\/\",\"name\":\"M\u00e9t\u00e9o974\",\"description\":\"Pr\u00e9voir, prot\u00e9ger, pr\u00e9server\",\"publisher\":{\"@id\":\"http:\\\/\\\/meteo974.fr\\\/#organization\"},\"potentialAction\":[{\"@type\":\"SearchAction\",\"target\":{\"@type\":\"EntryPoint\",\"urlTemplate\":\"http:\\\/\\\/meteo974.fr\\\/?s={search_term_string}\"},\"query-input\":{\"@type\":\"PropertyValueSpecification\",\"valueRequired\":true,\"valueName\":\"search_term_string\"}}],\"inLanguage\":\"fr-FR\"},{\"@type\":\"Organization\",\"@id\":\"http:\\\/\\\/meteo974.fr\\\/#organization\",\"name\":\"M\u00e9t\u00e9o974\",\"url\":\"http:\\\/\\\/meteo974.fr\\\/\",\"logo\":{\"@type\":\"ImageObject\",\"inLanguage\":\"fr-FR\",\"@id\":\"http:\\\/\\\/meteo974.fr\\\/#\\\/schema\\\/logo\\\/image\\\/\",\"url\":\"https:\\\/\\\/meteo974.fr\\\/wp-content\\\/uploads\\\/2024\\\/08\\\/logo-Horizontal-blanc-scaled.png\",\"contentUrl\":\"https:\\\/\\\/meteo974.fr\\\/wp-content\\\/uploads\\\/2024\\\/08\\\/logo-Horizontal-blanc-scaled.png\",\"width\":2560,\"height\":1172,\"caption\":\"M\u00e9t\u00e9o974\"},\"image\":{\"@id\":\"http:\\\/\\\/meteo974.fr\\\/#\\\/schema\\\/logo\\\/image\\\/\"}},{\"@type\":\"Person\",\"@id\":\"http:\\\/\\\/meteo974.fr\\\/#\\\/schema\\\/person\\\/4ec916c19ddea8cd2fd4f39a02b71ef9\",\"name\":\"Admin-974\",\"image\":{\"@type\":\"ImageObject\",\"inLanguage\":\"fr-FR\",\"@id\":\"https:\\\/\\\/secure.gravatar.com\\\/avatar\\\/24f9b823328d22d6492ae78f1f7cdb9760bb9969d271ceae9e10bbc4e6b39468?s=96&d=mm&r=g\",\"url\":\"https:\\\/\\\/secure.gravatar.com\\\/avatar\\\/24f9b823328d22d6492ae78f1f7cdb9760bb9969d271ceae9e10bbc4e6b39468?s=96&d=mm&r=g\",\"contentUrl\":\"https:\\\/\\\/secure.gravatar.com\\\/avatar\\\/24f9b823328d22d6492ae78f1f7cdb9760bb9969d271ceae9e10bbc4e6b39468?s=96&d=mm&r=g\",\"caption\":\"Admin-974\"},\"sameAs\":[\"http:\\\/\\\/meteo974.fr\"],\"url\":\"https:\\\/\\\/meteo974.fr\\\/?author=1\"}]}<\/script>\n<!-- \/ Yoast SEO plugin. -->","yoast_head_json":{"title":"Rando Est : mars 2025 - M\u00e9t\u00e9o974","robots":{"index":"index","follow":"follow","max-snippet":"max-snippet:-1","max-image-preview":"max-image-preview:large","max-video-preview":"max-video-preview:-1"},"canonical":"https:\/\/meteo974.fr\/?p=129","og_locale":"fr_FR","og_type":"article","og_title":"Rando Est : mars 2025 - M\u00e9t\u00e9o974","og_description":"Ce d\u00e9but de semaine jusqu'\u00e0 jeudi restera globalement sec ou peu arros\u00e9, conditions bonnes pour les randos en altitude...","og_url":"https:\/\/meteo974.fr\/?p=129","og_site_name":"M\u00e9t\u00e9o974","article_published_time":"2024-10-21T15:11:03+00:00","article_modified_time":"2025-03-17T16:40:52+00:00","og_image":[{"width":1868,"height":1263,"url":"https:\/\/meteo974.fr\/wp-content\/uploads\/2024\/08\/meteo974est.png","type":"image\/png"}],"author":"Admin-974","twitter_card":"summary_large_image","twitter_misc":{"\u00c9crit par":"Admin-974","Dur\u00e9e de lecture estim\u00e9e":"1 minute"},"schema":{"@context":"https:\/\/schema.org","@graph":[{"@type":"Article","@id":"https:\/\/meteo974.fr\/?p=129#article","isPartOf":{"@id":"https:\/\/meteo974.fr\/?p=129"},"author":{"name":"Admin-974","@id":"http:\/\/meteo974.fr\/#\/schema\/person\/4ec916c19ddea8cd2fd4f39a02b71ef9"},"headline":"Rando Est : mars 2025","datePublished":"2024-10-21T15:11:03+00:00","dateModified":"2025-03-17T16:40:52+00:00","mainEntityOfPage":{"@id":"https:\/\/meteo974.fr\/?p=129"},"wordCount":107,"publisher":{"@id":"http:\/\/meteo974.fr\/#organization"},"image":{"@id":"https:\/\/meteo974.fr\/?p=129#primaryimage"},"thumbnailUrl":"https:\/\/meteo974.fr\/wp-content\/uploads\/2024\/08\/meteo974est.png","keywords":["conseils de randonn\u00e9e","la R\u00e9union","s\u00e9curit\u00e9","s\u00e9curit\u00e9 en montagne"],"articleSection":["Rando-Est"],"inLanguage":"fr-FR"},{"@type":"WebPage","@id":"https:\/\/meteo974.fr\/?p=129","url":"https:\/\/meteo974.fr\/?p=129","name":"Rando Est : mars 2025 - M\u00e9t\u00e9o974","isPartOf":{"@id":"http:\/\/meteo974.fr\/#website"},"primaryImageOfPage":{"@id":"https:\/\/meteo974.fr\/?p=129#primaryimage"},"image":{"@id":"https:\/\/meteo974.fr\/?p=129#primaryimage"},"thumbnailUrl":"https:\/\/meteo974.fr\/wp-content\/uploads\/2024\/08\/meteo974est.png","datePublished":"2024-10-21T15:11:03+00:00","dateModified":"2025-03-17T16:40:52+00:00","breadcrumb":{"@id":"https:\/\/meteo974.fr\/?p=129#breadcrumb"},"inLanguage":"fr-FR","potentialAction":[{"@type":"ReadAction","target":["https:\/\/meteo974.fr\/?p=129"]}]},{"@type":"ImageObject","inLanguage":"fr-FR","@id":"https:\/\/meteo974.fr\/?p=129#primaryimage","url":"https:\/\/meteo974.fr\/wp-content\/uploads\/2024\/08\/meteo974est.png","contentUrl":"https:\/\/meteo974.fr\/wp-content\/uploads\/2024\/08\/meteo974est.png","width":1868,"height":1263},{"@type":"BreadcrumbList","@id":"https:\/\/meteo974.fr\/?p=129#breadcrumb","itemListElement":[{"@type":"ListItem","position":1,"name":"Accueil","item":"http:\/\/meteo974.fr\/"},{"@type":"ListItem","position":2,"name":"Rando Est : mars 2025"}]},{"@type":"WebSite","@id":"http:\/\/meteo974.fr\/#website","url":"http:\/\/meteo974.fr\/","name":"M\u00e9t\u00e9o974","description":"Pr\u00e9voir, prot\u00e9ger, pr\u00e9server","publisher":{"@id":"http:\/\/meteo974.fr\/#organization"},"potentialAction":[{"@type":"SearchAction","target":{"@type":"EntryPoint","urlTemplate":"http:\/\/meteo974.fr\/?s={search_term_string}"},"query-input":{"@type":"PropertyValueSpecification","valueRequired":true,"valueName":"search_term_string"}}],"inLanguage":"fr-FR"},{"@type":"Organization","@id":"http:\/\/meteo974.fr\/#organization","name":"M\u00e9t\u00e9o974","url":"http:\/\/meteo974.fr\/","logo":{"@type":"ImageObject","inLanguage":"fr-FR","@id":"http:\/\/meteo974.fr\/#\/schema\/logo\/image\/","url":"https:\/\/meteo974.fr\/wp-content\/uploads\/2024\/08\/logo-Horizontal-blanc-scaled.png","contentUrl":"https:\/\/meteo974.fr\/wp-content\/uploads\/2024\/08\/logo-Horizontal-blanc-scaled.png","width":2560,"height":1172,"caption":"M\u00e9t\u00e9o974"},"image":{"@id":"http:\/\/meteo974.fr\/#\/schema\/logo\/image\/"}},{"@type":"Person","@id":"http:\/\/meteo974.fr\/#\/schema\/person\/4ec916c19ddea8cd2fd4f39a02b71ef9","name":"Admin-974","image":{"@type":"ImageObject","inLanguage":"fr-FR","@id":"https:\/\/secure.gravatar.com\/avatar\/24f9b823328d22d6492ae78f1f7cdb9760bb9969d271ceae9e10bbc4e6b39468?s=96&d=mm&r=g","url":"https:\/\/secure.gravatar.com\/avatar\/24f9b823328d22d6492ae78f1f7cdb9760bb9969d271ceae9e10bbc4e6b39468?s=96&d=mm&r=g","contentUrl":"https:\/\/secure.gravatar.com\/avatar\/24f9b823328d22d6492ae78f1f7cdb9760bb9969d271ceae9e10bbc4e6b39468?s=96&d=mm&r=g","caption":"Admin-974"},"sameAs":["http:\/\/meteo974.fr"],"url":"https:\/\/meteo974.fr\/?author=1"}]}},"_links":{"self":[{"href":"https:\/\/meteo974.fr\/index.php?rest_route=\/wp\/v2\/posts\/129","targetHints":{"allow":["GET"]}}],"collection":[{"href":"https:\/\/meteo974.fr\/index.php?rest_route=\/wp\/v2\/posts"}],"about":[{"href":"https:\/\/meteo974.fr\/index.php?rest_route=\/wp\/v2\/types\/post"}],"author":[{"embeddable":true,"href":"https:\/\/meteo974.fr\/index.php?rest_route=\/wp\/v2\/users\/1"}],"replies":[{"embeddable":true,"href":"https:\/\/meteo974.fr\/index.php?rest_route=%2Fwp%2Fv2%2Fcomments&post=129"}],"version-history":[{"count":17,"href":"https:\/\/meteo974.fr\/index.php?rest_route=\/wp\/v2\/posts\/129\/revisions"}],"predecessor-version":[{"id":4872,"href":"https:\/\/meteo974.fr\/index.php?rest_route=\/wp\/v2\/posts\/129\/revisions\/4872"}],"wp:featuredmedia":[{"embeddable":true,"href":"https:\/\/meteo974.fr\/index.php?rest_route=\/wp\/v2\/media\/749"}],"wp:attachment":[{"href":"https:\/\/meteo974.fr\/index.php?rest_route=%2Fwp%2Fv2%2Fmedia&parent=129"}],"wp:term":[{"taxonomy":"category","embeddable":true,"href":"https:\/\/meteo974.fr\/index.php?rest_route=%2Fwp%2Fv2%2Fcategories&post=129"},{"taxonomy":"post_tag","embeddable":true,"href":"https:\/\/meteo974.fr\/index.php?rest_route=%2Fwp%2Fv2%2Ftags&post=129"}],"curies":[{"name":"wp","href":"https:\/\/api.w.org\/{rel}","templated":true}]}}