{"id":1252,"date":"2024-09-05T14:06:47","date_gmt":"2024-09-05T10:06:47","guid":{"rendered":"http:\/\/meteo974.fr\/?p=1252"},"modified":"2024-09-05T17:35:25","modified_gmt":"2024-09-05T13:35:25","slug":"le-rayon-vert-cest-quoi","status":"publish","type":"post","link":"https:\/\/meteo974.fr\/?p=1252","title":{"rendered":"Le rayon vert, c&rsquo;est quoi ?"},"content":{"rendered":"\n<div class=\"wp-block-cover is-light\" style=\"margin-top:32px;margin-bottom:32px\"><span aria-hidden=\"true\" class=\"wp-block-cover__background has-background-dim\" style=\"background-color:#979ea6\"><\/span><img fetchpriority=\"high\" decoding=\"async\" width=\"1310\" height=\"786\" class=\"wp-block-cover__image-background wp-image-1253\" alt=\"\" src=\"http:\/\/meteo974.fr\/wp-content\/uploads\/2024\/09\/rayonvert1.png\" data-object-fit=\"cover\" srcset=\"https:\/\/meteo974.fr\/wp-content\/uploads\/2024\/09\/rayonvert1.png 1310w, https:\/\/meteo974.fr\/wp-content\/uploads\/2024\/09\/rayonvert1-300x180.png 300w, https:\/\/meteo974.fr\/wp-content\/uploads\/2024\/09\/rayonvert1-1024x614.png 1024w, https:\/\/meteo974.fr\/wp-content\/uploads\/2024\/09\/rayonvert1-768x461.png 768w\" sizes=\"(max-width: 1310px) 100vw, 1310px\" \/><div class=\"wp-block-cover__inner-container is-layout-flow wp-block-cover-is-layout-flow\">\n<h2 class=\"wp-block-heading has-text-align-center has-large-font-size\"><strong>Le rayon vert, c&rsquo;est quoi ?<\/strong><\/h2>\n<\/div><\/div>\n\n\n\n<p>Mythe ou r\u00e9alit\u00e9? Effet d&rsquo;optique ou ph\u00e9nom\u00e8ne r\u00e9el? Depuis des si\u00e8cles, le \u00ab\u00a0rayon vert\u00a0\u00bb fait parler de lui et fait se poser beaucoup de questions aux scientifiques !<\/p>\n\n\n\n<div class=\"wp-block-columns are-vertically-aligned-center is-layout-flex wp-container-core-columns-is-layout-28f84493 wp-block-columns-is-layout-flex\">\n<div class=\"wp-block-column is-vertically-aligned-center is-layout-flow wp-block-column-is-layout-flow\">\n<figure class=\"wp-block-image size-full has-custom-border\"><img decoding=\"async\" width=\"910\" height=\"902\" src=\"http:\/\/meteo974.fr\/wp-content\/uploads\/2024\/09\/rayonvert2.png\" alt=\"\" class=\"wp-image-1254\" style=\"border-radius:12px\" srcset=\"https:\/\/meteo974.fr\/wp-content\/uploads\/2024\/09\/rayonvert2.png 910w, https:\/\/meteo974.fr\/wp-content\/uploads\/2024\/09\/rayonvert2-300x297.png 300w, https:\/\/meteo974.fr\/wp-content\/uploads\/2024\/09\/rayonvert2-150x150.png 150w, https:\/\/meteo974.fr\/wp-content\/uploads\/2024\/09\/rayonvert2-768x761.png 768w\" sizes=\"(max-width: 910px) 100vw, 910px\" \/><\/figure>\n<\/div>\n\n\n\n<div class=\"wp-block-column is-vertically-aligned-center is-layout-flow wp-block-column-is-layout-flow\">\n<p>Le rayon vert existe bel et bien, et il n&rsquo;est pas si rare qu&rsquo;on ne pourrait le croire. Ce ph\u00e9nom\u00e8ne atmosph\u00e9rique se manifeste au lever et au coucher du Soleil sous forme d&rsquo;une lueur ou d&rsquo;un flash lorsque le Soleil se situe au plus pr\u00e8s de l&rsquo;horizon, plus ou moins visible selon les conditions m\u00e9t\u00e9o. On peut ainsi le voir \u00e0 la R\u00e9union depuis la c\u00f4te Est lorsque le soleil se l\u00e8ve, et bien s\u00fbr \u00e0 l&rsquo;oppos\u00e9 depuis la C\u00f4te sous le vent \u00e0 l&rsquo;Ouest lorsqu&rsquo;il se couche.<\/p>\n\n\n\n<p>Le rayon vert peut appara\u00eetre sous six ou sept formes diff\u00e9rentes dont deux sont relativement communes. Soit le rayon vert est visible quelques secondes avant ou apr\u00e8s le coucher du Soleil, soit il peut appara\u00eetre alors que le disque du Soleil est encore bien visible au-dessus de l&rsquo;horizon. Dans sa deuxi\u00e8me forme, il s&rsquo;agit toujours bien rayon vert car le disque solaire garde sa couleur ordinaire mais il peut \u00eatre surmont\u00e9 ou l\u00e9g\u00e8rement cercl\u00e9 d&rsquo;un fin arc de cercle verd\u00e2tre. Le rayon vert est observable le plus facilement en bord de mer.<\/p>\n<\/div>\n<\/div>\n\n\n\n<p>Sous quelles formes et dans quelles conditions se forme ce ph\u00e9nom\u00e8ne ? En voici un petit expos\u00e9 :<\/p>\n\n\n\n<p>&#8211; Lorsqu&rsquo;il s&rsquo;agit d&rsquo;un flash associ\u00e9 au mirage inf\u00e9rieur, sa forme est ovale et base est aplatie, le rayon vert dure environ 2 secondes Il se produit au-dessus d&rsquo;une surface plus chaude que l&rsquo;air adjacent (d&rsquo;o\u00f9 d\u00e9formation).<\/p>\n\n\n\n<p>&#8211; On parle de \u00ab\u00a0flash du faux mirage\u00a0\u00bb lorsqu&rsquo;un appendice se d\u00e9tache du sommet du disque du Soleil; il dure alors de 2 \u00e0 5 secondes, parfois m\u00eame 15 secondes. Il se manifeste lorsqu&rsquo;il y a une couche d&rsquo;inversion atmosph\u00e9rique sous le niveau des yeux. L&rsquo;observateur doit donc \u00eatre situ\u00e9 en hauteur (sur une falaise par exemple).<\/p>\n\n\n\n<p>&#8211; Le \u00ab\u00a0flash du sous-canal\u00a0\u00bb se manifeste par une grande partie du limbe sup\u00e9rieur du Soleil couchant qui devient vert jusqu&rsquo;\u00e0 15 secondes. Il se produit lorsqu&rsquo;il y a une forte inversion thermique (air froid pr\u00e8s du sol ou de la mer, air chaud en altitude).<\/p>\n\n\n\n<p>&#8211; Le rayon vert \u00e0 proprement parl\u00e9 : le rayon lumineux semble \u00e9mis par un phare vert. Il peut appara\u00eetre juste apr\u00e8s le coucher du Soleil et peut s&rsquo;\u00e9tendre sur quelques degr\u00e9s mais ne dure que 2 \u00e0 3 secondes. Un temps l\u00e9g\u00e8rement brumeux favorise son apparition.<\/p>\n\n\n\n<p>&#8211; Le rayon vert du sommet des nuages : le rayon color\u00e9 est en g\u00e9n\u00e9ral \u00e9mis en pr\u00e9sence de brume c\u00f4ti\u00e8re au coucher du Soleil mais parfois aussi au-dessus de nuages cumuliformes \u00e9loign\u00e9s.<\/p>\n\n\n\n<p>Le sp\u00e9cialiste am\u00e9ricain Andrew T.Young de la San Diego State University qui a r\u00e9alis\u00e9 une \u00e9tude approfondie sur le sujet nous rappelle que la plupart des observations (2\/3-3\/4) concernent le rayon vert associ\u00e9 au mirage inf\u00e9rieur. Les autres observations concernant les flashes associ\u00e9s aux faux mirages (mock-mirage). Les ph\u00e9nom\u00e8nes restants comme le flash du sommet des nuages et le flash d&rsquo;Alister Fraser sont mal connus et rares et repr\u00e9sentent moins de 1% de toutes les observations.<\/p>\n\n\n\n<div class=\"wp-block-columns are-vertically-aligned-center is-layout-flex wp-container-core-columns-is-layout-a5331a9e wp-block-columns-is-layout-flex\" style=\"padding-top:0;padding-right:0;padding-bottom:0;padding-left:0\">\n<div class=\"wp-block-column is-vertically-aligned-center is-layout-flow wp-block-column-is-layout-flow\" style=\"flex-basis:15%\">\n<p class=\"has-text-align-left\"><strong><mark style=\"background-color:rgba(0, 0, 0, 0);color:#0b0e4f\" class=\"has-inline-color\">Cat\u00e9gories<\/mark><\/strong><\/p>\n<\/div>\n\n\n\n<div class=\"wp-block-column is-vertically-aligned-center has-text-color has-link-color wp-elements-f7e1b2246115720c497f5c40769fcee1 is-layout-flow wp-block-column-is-layout-flow\" style=\"color:#59d49c;flex-basis:66.66%\"><div style=\"padding-right:0;padding-left:0;padding-top:var(--wp--preset--spacing--50);padding-bottom:var(--wp--preset--spacing--50)\" class=\"taxonomy-post_tag wp-block-post-terms\"><a href=\"https:\/\/meteo974.fr\/?tag=ciel\" rel=\"tag\">Ciel<\/a><span class=\"wp-block-post-terms__separator\"> | <\/span><a href=\"https:\/\/meteo974.fr\/?tag=horizon\" rel=\"tag\">Horizon<\/a><span class=\"wp-block-post-terms__separator\"> | <\/span><a href=\"https:\/\/meteo974.fr\/?tag=la-reunion\" rel=\"tag\">la R\u00e9union<\/a><span class=\"wp-block-post-terms__separator\"> | <\/span><a href=\"https:\/\/meteo974.fr\/?tag=ocean-indien\" rel=\"tag\">Oc\u00e9an Indien<\/a><span class=\"wp-block-post-terms__separator\"> | <\/span><a href=\"https:\/\/meteo974.fr\/?tag=rayon-vert\" rel=\"tag\">Rayon vert<\/a><span class=\"wp-block-post-terms__separator\"> | <\/span><a href=\"https:\/\/meteo974.fr\/?tag=soleil\" rel=\"tag\">Soleil<\/a><span class=\"wp-block-post-terms__separator\"> | <\/span><a href=\"https:\/\/meteo974.fr\/?tag=sortie-bateau\" rel=\"tag\">Sortie bateau<\/a><\/div><\/div>\n<\/div>\n\n\n\n<hr class=\"wp-block-separator has-alpha-channel-opacity is-style-wide\" style=\"margin-top:2rem;margin-bottom:2rem\"\/>\n","protected":false},"excerpt":{"rendered":"<p>Mythe ou r\u00e9alit\u00e9? Effet d&rsquo;optique ou ph\u00e9nom\u00e8ne r\u00e9el? Depuis des si\u00e8cles, le \u00ab\u00a0rayon vert\u00a0\u00bb fait parler de lui et fait se poser beaucoup de questions aux scientifiques !<\/p>\n","protected":false},"author":2,"featured_media":1253,"comment_status":"closed","ping_status":"open","sticky":false,"template":"","format":"standard","meta":{"site-sidebar-layout":"default","site-content-layout":"","ast-site-content-layout":"","site-content-style":"default","site-sidebar-style":"default","ast-global-header-display":"","ast-banner-title-visibility":"","ast-main-header-display":"","ast-hfb-above-header-display":"","ast-hfb-below-header-display":"","ast-hfb-mobile-header-display":"","site-post-title":"disabled","ast-breadcrumbs-content":"","ast-featured-img":"","footer-sml-layout":"","theme-transparent-header-meta":"","adv-header-id-meta":"","stick-header-meta":"","header-above-stick-meta":"","header-main-stick-meta":"","header-below-stick-meta":"","astra-migrate-meta-layouts":"default","ast-page-background-enabled":"default","ast-page-background-meta":{"desktop":{"background-color":"var(--ast-global-color-4)","background-image":"","background-repeat":"repeat","background-position":"center center","background-size":"auto","background-attachment":"scroll","background-type":"","background-media":"","overlay-type":"","overlay-color":"","overlay-opacity":"","overlay-gradient":""},"tablet":{"background-color":"","background-image":"","background-repeat":"repeat","background-position":"center center","background-size":"auto","background-attachment":"scroll","background-type":"","background-media":"","overlay-type":"","overlay-color":"","overlay-opacity":"","overlay-gradient":""},"mobile":{"background-color":"","background-image":"","background-repeat":"repeat","background-position":"center center","background-size":"auto","background-attachment":"scroll","background-type":"","background-media":"","overlay-type":"","overlay-color":"","overlay-opacity":"","overlay-gradient":""}},"ast-content-background-meta":{"desktop":{"background-color":"var(--ast-global-color-5)","background-image":"","background-repeat":"repeat","background-position":"center center","background-size":"auto","background-attachment":"scroll","background-type":"","background-media":"","overlay-type":"","overlay-color":"","overlay-opacity":"","overlay-gradient":""},"tablet":{"background-color":"var(--ast-global-color-5)","background-image":"","background-repeat":"repeat","background-position":"center center","background-size":"auto","background-attachment":"scroll","background-type":"","background-media":"","overlay-type":"","overlay-color":"","overlay-opacity":"","overlay-gradient":""},"mobile":{"background-color":"var(--ast-global-color-5)","background-image":"","background-repeat":"repeat","background-position":"center center","background-size":"auto","background-attachment":"scroll","background-type":"","background-media":"","overlay-type":"","overlay-color":"","overlay-opacity":"","overlay-gradient":""}},"footnotes":""},"categories":[4,8,5],"tags":[69,68,44,52,67,66,53],"class_list":["post-1252","post","type-post","status-publish","format-standard","has-post-thumbnail","hentry","category-climat","category-meteo","category-ocean","tag-ciel","tag-horizon","tag-la-reunion","tag-ocean-indien","tag-rayon-vert","tag-soleil","tag-sortie-bateau"],"yoast_head":"<!-- This site is optimized with the Yoast SEO plugin v27.5 - https:\/\/yoast.com\/product\/yoast-seo-wordpress\/ -->\n<title>Le rayon vert, c&#039;est quoi ? - M\u00e9t\u00e9o974<\/title>\n<meta name=\"robots\" content=\"index, follow, max-snippet:-1, max-image-preview:large, max-video-preview:-1\" \/>\n<link rel=\"canonical\" href=\"https:\/\/meteo974.fr\/?p=1252\" \/>\n<meta property=\"og:locale\" content=\"fr_FR\" \/>\n<meta property=\"og:type\" content=\"article\" \/>\n<meta property=\"og:title\" content=\"Le rayon vert, c&#039;est quoi ? - M\u00e9t\u00e9o974\" \/>\n<meta property=\"og:description\" content=\"Mythe ou r\u00e9alit\u00e9? Effet d&#039;optique ou ph\u00e9nom\u00e8ne r\u00e9el? Depuis des si\u00e8cles, le &quot;rayon vert&quot; fait parler de lui et fait se poser beaucoup de questions aux scientifiques !\" \/>\n<meta property=\"og:url\" content=\"https:\/\/meteo974.fr\/?p=1252\" \/>\n<meta property=\"og:site_name\" content=\"M\u00e9t\u00e9o974\" \/>\n<meta property=\"article:published_time\" content=\"2024-09-05T10:06:47+00:00\" \/>\n<meta property=\"article:modified_time\" content=\"2024-09-05T13:35:25+00:00\" \/>\n<meta property=\"og:image\" content=\"https:\/\/meteo974.fr\/wp-content\/uploads\/2024\/09\/rayonvert1.png\" \/>\n\t<meta property=\"og:image:width\" content=\"1310\" \/>\n\t<meta property=\"og:image:height\" content=\"786\" \/>\n\t<meta property=\"og:image:type\" content=\"image\/png\" \/>\n<meta name=\"author\" content=\"Fr\u00e9d\u00e9ric Decker\" \/>\n<meta name=\"twitter:card\" content=\"summary_large_image\" \/>\n<meta name=\"twitter:label1\" content=\"\u00c9crit par\" \/>\n\t<meta name=\"twitter:data1\" content=\"Fr\u00e9d\u00e9ric Decker\" \/>\n\t<meta name=\"twitter:label2\" content=\"Dur\u00e9e de lecture estim\u00e9e\" \/>\n\t<meta name=\"twitter:data2\" content=\"4 minutes\" \/>\n<script type=\"application\/ld+json\" class=\"yoast-schema-graph\">{\"@context\":\"https:\\\/\\\/schema.org\",\"@graph\":[{\"@type\":\"Article\",\"@id\":\"https:\\\/\\\/meteo974.fr\\\/?p=1252#article\",\"isPartOf\":{\"@id\":\"https:\\\/\\\/meteo974.fr\\\/?p=1252\"},\"author\":{\"name\":\"Fr\u00e9d\u00e9ric Decker\",\"@id\":\"http:\\\/\\\/meteo974.fr\\\/#\\\/schema\\\/person\\\/4fa1c831e36bb8011f6eddbd5dabd9c4\"},\"headline\":\"Le rayon vert, c&rsquo;est quoi ?\",\"datePublished\":\"2024-09-05T10:06:47+00:00\",\"dateModified\":\"2024-09-05T13:35:25+00:00\",\"mainEntityOfPage\":{\"@id\":\"https:\\\/\\\/meteo974.fr\\\/?p=1252\"},\"wordCount\":569,\"publisher\":{\"@id\":\"http:\\\/\\\/meteo974.fr\\\/#organization\"},\"image\":{\"@id\":\"https:\\\/\\\/meteo974.fr\\\/?p=1252#primaryimage\"},\"thumbnailUrl\":\"https:\\\/\\\/meteo974.fr\\\/wp-content\\\/uploads\\\/2024\\\/09\\\/rayonvert1.png\",\"keywords\":[\"Ciel\",\"Horizon\",\"la R\u00e9union\",\"Oc\u00e9an Indien\",\"Rayon vert\",\"Soleil\",\"Sortie bateau\"],\"articleSection\":[\"Climat\",\"Meteo\",\"Oc\u00e9an\"],\"inLanguage\":\"fr-FR\"},{\"@type\":\"WebPage\",\"@id\":\"https:\\\/\\\/meteo974.fr\\\/?p=1252\",\"url\":\"https:\\\/\\\/meteo974.fr\\\/?p=1252\",\"name\":\"Le rayon vert, c'est quoi ? - M\u00e9t\u00e9o974\",\"isPartOf\":{\"@id\":\"http:\\\/\\\/meteo974.fr\\\/#website\"},\"primaryImageOfPage\":{\"@id\":\"https:\\\/\\\/meteo974.fr\\\/?p=1252#primaryimage\"},\"image\":{\"@id\":\"https:\\\/\\\/meteo974.fr\\\/?p=1252#primaryimage\"},\"thumbnailUrl\":\"https:\\\/\\\/meteo974.fr\\\/wp-content\\\/uploads\\\/2024\\\/09\\\/rayonvert1.png\",\"datePublished\":\"2024-09-05T10:06:47+00:00\",\"dateModified\":\"2024-09-05T13:35:25+00:00\",\"breadcrumb\":{\"@id\":\"https:\\\/\\\/meteo974.fr\\\/?p=1252#breadcrumb\"},\"inLanguage\":\"fr-FR\",\"potentialAction\":[{\"@type\":\"ReadAction\",\"target\":[\"https:\\\/\\\/meteo974.fr\\\/?p=1252\"]}]},{\"@type\":\"ImageObject\",\"inLanguage\":\"fr-FR\",\"@id\":\"https:\\\/\\\/meteo974.fr\\\/?p=1252#primaryimage\",\"url\":\"https:\\\/\\\/meteo974.fr\\\/wp-content\\\/uploads\\\/2024\\\/09\\\/rayonvert1.png\",\"contentUrl\":\"https:\\\/\\\/meteo974.fr\\\/wp-content\\\/uploads\\\/2024\\\/09\\\/rayonvert1.png\",\"width\":1310,\"height\":786},{\"@type\":\"BreadcrumbList\",\"@id\":\"https:\\\/\\\/meteo974.fr\\\/?p=1252#breadcrumb\",\"itemListElement\":[{\"@type\":\"ListItem\",\"position\":1,\"name\":\"Accueil\",\"item\":\"http:\\\/\\\/meteo974.fr\\\/\"},{\"@type\":\"ListItem\",\"position\":2,\"name\":\"Le rayon vert, c&rsquo;est quoi ?\"}]},{\"@type\":\"WebSite\",\"@id\":\"http:\\\/\\\/meteo974.fr\\\/#website\",\"url\":\"http:\\\/\\\/meteo974.fr\\\/\",\"name\":\"M\u00e9t\u00e9o974\",\"description\":\"Pr\u00e9voir, prot\u00e9ger, pr\u00e9server\",\"publisher\":{\"@id\":\"http:\\\/\\\/meteo974.fr\\\/#organization\"},\"potentialAction\":[{\"@type\":\"SearchAction\",\"target\":{\"@type\":\"EntryPoint\",\"urlTemplate\":\"http:\\\/\\\/meteo974.fr\\\/?s={search_term_string}\"},\"query-input\":{\"@type\":\"PropertyValueSpecification\",\"valueRequired\":true,\"valueName\":\"search_term_string\"}}],\"inLanguage\":\"fr-FR\"},{\"@type\":\"Organization\",\"@id\":\"http:\\\/\\\/meteo974.fr\\\/#organization\",\"name\":\"M\u00e9t\u00e9o974\",\"url\":\"http:\\\/\\\/meteo974.fr\\\/\",\"logo\":{\"@type\":\"ImageObject\",\"inLanguage\":\"fr-FR\",\"@id\":\"http:\\\/\\\/meteo974.fr\\\/#\\\/schema\\\/logo\\\/image\\\/\",\"url\":\"https:\\\/\\\/meteo974.fr\\\/wp-content\\\/uploads\\\/2024\\\/08\\\/logo-Horizontal-blanc-scaled.png\",\"contentUrl\":\"https:\\\/\\\/meteo974.fr\\\/wp-content\\\/uploads\\\/2024\\\/08\\\/logo-Horizontal-blanc-scaled.png\",\"width\":2560,\"height\":1172,\"caption\":\"M\u00e9t\u00e9o974\"},\"image\":{\"@id\":\"http:\\\/\\\/meteo974.fr\\\/#\\\/schema\\\/logo\\\/image\\\/\"}},{\"@type\":\"Person\",\"@id\":\"http:\\\/\\\/meteo974.fr\\\/#\\\/schema\\\/person\\\/4fa1c831e36bb8011f6eddbd5dabd9c4\",\"name\":\"Fr\u00e9d\u00e9ric Decker\",\"image\":{\"@type\":\"ImageObject\",\"inLanguage\":\"fr-FR\",\"@id\":\"https:\\\/\\\/secure.gravatar.com\\\/avatar\\\/f468fb323f230eb667b17592796cc910b4c519ad009fc1b1cd77030c7d928123?s=96&d=mm&r=g\",\"url\":\"https:\\\/\\\/secure.gravatar.com\\\/avatar\\\/f468fb323f230eb667b17592796cc910b4c519ad009fc1b1cd77030c7d928123?s=96&d=mm&r=g\",\"contentUrl\":\"https:\\\/\\\/secure.gravatar.com\\\/avatar\\\/f468fb323f230eb667b17592796cc910b4c519ad009fc1b1cd77030c7d928123?s=96&d=mm&r=g\",\"caption\":\"Fr\u00e9d\u00e9ric Decker\"},\"sameAs\":[\"http:\\\/\\\/www.meteo974.fr\"],\"url\":\"https:\\\/\\\/meteo974.fr\\\/?author=2\"}]}<\/script>\n<!-- \/ Yoast SEO plugin. -->","yoast_head_json":{"title":"Le rayon vert, c'est quoi ? - M\u00e9t\u00e9o974","robots":{"index":"index","follow":"follow","max-snippet":"max-snippet:-1","max-image-preview":"max-image-preview:large","max-video-preview":"max-video-preview:-1"},"canonical":"https:\/\/meteo974.fr\/?p=1252","og_locale":"fr_FR","og_type":"article","og_title":"Le rayon vert, c'est quoi ? - M\u00e9t\u00e9o974","og_description":"Mythe ou r\u00e9alit\u00e9? Effet d'optique ou ph\u00e9nom\u00e8ne r\u00e9el? Depuis des si\u00e8cles, le \"rayon vert\" fait parler de lui et fait se poser beaucoup de questions aux scientifiques !","og_url":"https:\/\/meteo974.fr\/?p=1252","og_site_name":"M\u00e9t\u00e9o974","article_published_time":"2024-09-05T10:06:47+00:00","article_modified_time":"2024-09-05T13:35:25+00:00","og_image":[{"width":1310,"height":786,"url":"https:\/\/meteo974.fr\/wp-content\/uploads\/2024\/09\/rayonvert1.png","type":"image\/png"}],"author":"Fr\u00e9d\u00e9ric Decker","twitter_card":"summary_large_image","twitter_misc":{"\u00c9crit par":"Fr\u00e9d\u00e9ric Decker","Dur\u00e9e de lecture estim\u00e9e":"4 minutes"},"schema":{"@context":"https:\/\/schema.org","@graph":[{"@type":"Article","@id":"https:\/\/meteo974.fr\/?p=1252#article","isPartOf":{"@id":"https:\/\/meteo974.fr\/?p=1252"},"author":{"name":"Fr\u00e9d\u00e9ric Decker","@id":"http:\/\/meteo974.fr\/#\/schema\/person\/4fa1c831e36bb8011f6eddbd5dabd9c4"},"headline":"Le rayon vert, c&rsquo;est quoi ?","datePublished":"2024-09-05T10:06:47+00:00","dateModified":"2024-09-05T13:35:25+00:00","mainEntityOfPage":{"@id":"https:\/\/meteo974.fr\/?p=1252"},"wordCount":569,"publisher":{"@id":"http:\/\/meteo974.fr\/#organization"},"image":{"@id":"https:\/\/meteo974.fr\/?p=1252#primaryimage"},"thumbnailUrl":"https:\/\/meteo974.fr\/wp-content\/uploads\/2024\/09\/rayonvert1.png","keywords":["Ciel","Horizon","la R\u00e9union","Oc\u00e9an Indien","Rayon vert","Soleil","Sortie bateau"],"articleSection":["Climat","Meteo","Oc\u00e9an"],"inLanguage":"fr-FR"},{"@type":"WebPage","@id":"https:\/\/meteo974.fr\/?p=1252","url":"https:\/\/meteo974.fr\/?p=1252","name":"Le rayon vert, c'est quoi ? - M\u00e9t\u00e9o974","isPartOf":{"@id":"http:\/\/meteo974.fr\/#website"},"primaryImageOfPage":{"@id":"https:\/\/meteo974.fr\/?p=1252#primaryimage"},"image":{"@id":"https:\/\/meteo974.fr\/?p=1252#primaryimage"},"thumbnailUrl":"https:\/\/meteo974.fr\/wp-content\/uploads\/2024\/09\/rayonvert1.png","datePublished":"2024-09-05T10:06:47+00:00","dateModified":"2024-09-05T13:35:25+00:00","breadcrumb":{"@id":"https:\/\/meteo974.fr\/?p=1252#breadcrumb"},"inLanguage":"fr-FR","potentialAction":[{"@type":"ReadAction","target":["https:\/\/meteo974.fr\/?p=1252"]}]},{"@type":"ImageObject","inLanguage":"fr-FR","@id":"https:\/\/meteo974.fr\/?p=1252#primaryimage","url":"https:\/\/meteo974.fr\/wp-content\/uploads\/2024\/09\/rayonvert1.png","contentUrl":"https:\/\/meteo974.fr\/wp-content\/uploads\/2024\/09\/rayonvert1.png","width":1310,"height":786},{"@type":"BreadcrumbList","@id":"https:\/\/meteo974.fr\/?p=1252#breadcrumb","itemListElement":[{"@type":"ListItem","position":1,"name":"Accueil","item":"http:\/\/meteo974.fr\/"},{"@type":"ListItem","position":2,"name":"Le rayon vert, c&rsquo;est quoi ?"}]},{"@type":"WebSite","@id":"http:\/\/meteo974.fr\/#website","url":"http:\/\/meteo974.fr\/","name":"M\u00e9t\u00e9o974","description":"Pr\u00e9voir, prot\u00e9ger, pr\u00e9server","publisher":{"@id":"http:\/\/meteo974.fr\/#organization"},"potentialAction":[{"@type":"SearchAction","target":{"@type":"EntryPoint","urlTemplate":"http:\/\/meteo974.fr\/?s={search_term_string}"},"query-input":{"@type":"PropertyValueSpecification","valueRequired":true,"valueName":"search_term_string"}}],"inLanguage":"fr-FR"},{"@type":"Organization","@id":"http:\/\/meteo974.fr\/#organization","name":"M\u00e9t\u00e9o974","url":"http:\/\/meteo974.fr\/","logo":{"@type":"ImageObject","inLanguage":"fr-FR","@id":"http:\/\/meteo974.fr\/#\/schema\/logo\/image\/","url":"https:\/\/meteo974.fr\/wp-content\/uploads\/2024\/08\/logo-Horizontal-blanc-scaled.png","contentUrl":"https:\/\/meteo974.fr\/wp-content\/uploads\/2024\/08\/logo-Horizontal-blanc-scaled.png","width":2560,"height":1172,"caption":"M\u00e9t\u00e9o974"},"image":{"@id":"http:\/\/meteo974.fr\/#\/schema\/logo\/image\/"}},{"@type":"Person","@id":"http:\/\/meteo974.fr\/#\/schema\/person\/4fa1c831e36bb8011f6eddbd5dabd9c4","name":"Fr\u00e9d\u00e9ric Decker","image":{"@type":"ImageObject","inLanguage":"fr-FR","@id":"https:\/\/secure.gravatar.com\/avatar\/f468fb323f230eb667b17592796cc910b4c519ad009fc1b1cd77030c7d928123?s=96&d=mm&r=g","url":"https:\/\/secure.gravatar.com\/avatar\/f468fb323f230eb667b17592796cc910b4c519ad009fc1b1cd77030c7d928123?s=96&d=mm&r=g","contentUrl":"https:\/\/secure.gravatar.com\/avatar\/f468fb323f230eb667b17592796cc910b4c519ad009fc1b1cd77030c7d928123?s=96&d=mm&r=g","caption":"Fr\u00e9d\u00e9ric Decker"},"sameAs":["http:\/\/www.meteo974.fr"],"url":"https:\/\/meteo974.fr\/?author=2"}]}},"_links":{"self":[{"href":"https:\/\/meteo974.fr\/index.php?rest_route=\/wp\/v2\/posts\/1252","targetHints":{"allow":["GET"]}}],"collection":[{"href":"https:\/\/meteo974.fr\/index.php?rest_route=\/wp\/v2\/posts"}],"about":[{"href":"https:\/\/meteo974.fr\/index.php?rest_route=\/wp\/v2\/types\/post"}],"author":[{"embeddable":true,"href":"https:\/\/meteo974.fr\/index.php?rest_route=\/wp\/v2\/users\/2"}],"replies":[{"embeddable":true,"href":"https:\/\/meteo974.fr\/index.php?rest_route=%2Fwp%2Fv2%2Fcomments&post=1252"}],"version-history":[{"count":2,"href":"https:\/\/meteo974.fr\/index.php?rest_route=\/wp\/v2\/posts\/1252\/revisions"}],"predecessor-version":[{"id":1305,"href":"https:\/\/meteo974.fr\/index.php?rest_route=\/wp\/v2\/posts\/1252\/revisions\/1305"}],"wp:featuredmedia":[{"embeddable":true,"href":"https:\/\/meteo974.fr\/index.php?rest_route=\/wp\/v2\/media\/1253"}],"wp:attachment":[{"href":"https:\/\/meteo974.fr\/index.php?rest_route=%2Fwp%2Fv2%2Fmedia&parent=1252"}],"wp:term":[{"taxonomy":"category","embeddable":true,"href":"https:\/\/meteo974.fr\/index.php?rest_route=%2Fwp%2Fv2%2Fcategories&post=1252"},{"taxonomy":"post_tag","embeddable":true,"href":"https:\/\/meteo974.fr\/index.php?rest_route=%2Fwp%2Fv2%2Ftags&post=1252"}],"curies":[{"name":"wp","href":"https:\/\/api.w.org\/{rel}","templated":true}]}}