{"id":123,"date":"2024-10-21T19:06:55","date_gmt":"2024-10-21T15:06:55","guid":{"rendered":"http:\/\/meteo974.fr\/?p=123"},"modified":"2025-03-17T20:41:17","modified_gmt":"2025-03-17T16:41:17","slug":"rando-nord-semaine-11-07-24","status":"publish","type":"post","link":"https:\/\/meteo974.fr\/?p=123","title":{"rendered":"Rando Nord : mars 2025"},"content":{"rendered":"\n<div class=\"wp-block-columns are-vertically-aligned-center is-layout-flex wp-container-core-columns-is-layout-28f84493 wp-block-columns-is-layout-flex\">\n<div class=\"wp-block-column is-vertically-aligned-center is-layout-flow wp-block-column-is-layout-flow\" style=\"flex-basis:33.33%\">\n<figure class=\"wp-block-image size-full\"><img fetchpriority=\"high\" decoding=\"async\" width=\"1868\" height=\"1263\" src=\"http:\/\/meteo974.fr\/wp-content\/uploads\/2024\/08\/meteo974nord.png\" alt=\"\" class=\"wp-image-751\" srcset=\"https:\/\/meteo974.fr\/wp-content\/uploads\/2024\/08\/meteo974nord.png 1868w, https:\/\/meteo974.fr\/wp-content\/uploads\/2024\/08\/meteo974nord-300x203.png 300w, https:\/\/meteo974.fr\/wp-content\/uploads\/2024\/08\/meteo974nord-1024x692.png 1024w, https:\/\/meteo974.fr\/wp-content\/uploads\/2024\/08\/meteo974nord-768x519.png 768w, https:\/\/meteo974.fr\/wp-content\/uploads\/2024\/08\/meteo974nord-1536x1039.png 1536w\" sizes=\"(max-width: 1868px) 100vw, 1868px\" \/><\/figure>\n<\/div>\n\n\n\n<div class=\"wp-block-column is-vertically-aligned-center is-layout-flow wp-block-column-is-layout-flow\" style=\"flex-basis:66.66%\">\n<p><strong><mark style=\"background-color:rgba(0, 0, 0, 0);color:#91b5fc\" class=\"has-inline-color\">TENDANCE G\u00c9N\u00c9RALE<\/mark><\/strong><br>Mars reste au coeur de l\u2019\u00e9t\u00e9 austral \u00e0 la R\u00e9union m\u00eame si les pr\u00e9cipitations commencent \u00e0 diminuer par rapport \u00e0 janvier et f\u00e9vrier. Les conditions peuvent \u00eatre encore tr\u00e8s pluvieuses dans les hauts, et l\u2019\u00eele n\u2019est pas \u00e0 l\u2019abri d\u2019une temp\u00eate tropicale ou d\u2019un cyclone.<\/p>\n\n\n\n<p>Les sentiers du Nord de la R\u00e9union sont r\u00e9guli\u00e8rement arros\u00e9s lors du mois de mars, notamment en altitude o\u00f9 des intemp\u00e9ries subites et violentes peuvent vous surprendre, prudence !<\/p>\n\n\n\n<p><\/p>\n<\/div>\n<\/div>\n\n\n\n<p>Suite au passage du cyclone intense GARANCE le 28 f\u00e9vrier, certains sentiers de randonn\u00e9es sont difficilement praticables voire ferm\u00e9s. Renseignez-vous bien avant de partir. Ne vous mettez pas en danger !<\/p>\n\n\n\n<hr class=\"wp-block-separator has-text-color has-ast-global-color-7-color has-alpha-channel-opacity has-ast-global-color-7-background-color has-background is-style-wide\" style=\"margin-top:var(--wp--preset--spacing--50);margin-bottom:var(--wp--preset--spacing--50)\"\/>\n\n\n<p class=\"is-style-outline wp-block-tag-cloud\"><a href=\"https:\/\/meteo974.fr\/?tag=ciel\" class=\"tag-cloud-link tag-link-69 tag-link-position-1\" style=\"font-size: 12.333333333333pt;\" aria-label=\"Ciel (21 \u00e9l\u00e9ments)\">Ciel<\/a>\n<a href=\"https:\/\/meteo974.fr\/?tag=la-reunion\" class=\"tag-cloud-link tag-link-44 tag-link-position-2\" style=\"font-size: 16pt;\" aria-label=\"la R\u00e9union (35 \u00e9l\u00e9ments)\">la R\u00e9union<\/a>\n<a href=\"https:\/\/meteo974.fr\/?tag=meteo\" class=\"tag-cloud-link tag-link-61 tag-link-position-3\" style=\"font-size: 9.1666666666667pt;\" aria-label=\"M\u00e9t\u00e9o (13 \u00e9l\u00e9ments)\">M\u00e9t\u00e9o<\/a>\n<a href=\"https:\/\/meteo974.fr\/?tag=ocean-indien\" class=\"tag-cloud-link tag-link-52 tag-link-position-4\" style=\"font-size: 14.666666666667pt;\" aria-label=\"Oc\u00e9an Indien (29 \u00e9l\u00e9ments)\">Oc\u00e9an Indien<\/a>\n<a href=\"https:\/\/meteo974.fr\/?tag=saint-paul\" class=\"tag-cloud-link tag-link-80 tag-link-position-5\" style=\"font-size: 8pt;\" aria-label=\"Saint Paul (11 \u00e9l\u00e9ments)\">Saint Paul<\/a>\n<a href=\"https:\/\/meteo974.fr\/?tag=soleil\" class=\"tag-cloud-link tag-link-66 tag-link-position-6\" style=\"font-size: 8pt;\" aria-label=\"Soleil (11 \u00e9l\u00e9ments)\">Soleil<\/a><\/p>","protected":false},"excerpt":{"rendered":"<p>Lundi et mardi conserveront des conditions relativement humides avec des pluies ou averses se d\u00e9veloppant en journ\u00e9e apr\u00e8s des d\u00e9buts de matin\u00e9es&#8230;<\/p>\n","protected":false},"author":1,"featured_media":751,"comment_status":"closed","ping_status":"open","sticky":false,"template":"","format":"standard","meta":{"site-sidebar-layout":"default","site-content-layout":"","ast-site-content-layout":"","site-content-style":"default","site-sidebar-style":"default","ast-global-header-display":"","ast-banner-title-visibility":"","ast-main-header-display":"","ast-hfb-above-header-display":"","ast-hfb-below-header-display":"","ast-hfb-mobile-header-display":"","site-post-title":"","ast-breadcrumbs-content":"","ast-featured-img":"","footer-sml-layout":"","theme-transparent-header-meta":"","adv-header-id-meta":"","stick-header-meta":"","header-above-stick-meta":"","header-main-stick-meta":"","header-below-stick-meta":"","astra-migrate-meta-layouts":"default","ast-page-background-enabled":"default","ast-page-background-meta":{"desktop":{"background-color":"var(--ast-global-color-4)","background-image":"","background-repeat":"repeat","background-position":"center center","background-size":"auto","background-attachment":"scroll","background-type":"","background-media":"","overlay-type":"","overlay-color":"","overlay-opacity":"","overlay-gradient":""},"tablet":{"background-color":"","background-image":"","background-repeat":"repeat","background-position":"center center","background-size":"auto","background-attachment":"scroll","background-type":"","background-media":"","overlay-type":"","overlay-color":"","overlay-opacity":"","overlay-gradient":""},"mobile":{"background-color":"","background-image":"","background-repeat":"repeat","background-position":"center center","background-size":"auto","background-attachment":"scroll","background-type":"","background-media":"","overlay-type":"","overlay-color":"","overlay-opacity":"","overlay-gradient":""}},"ast-content-background-meta":{"desktop":{"background-color":"var(--ast-global-color-5)","background-image":"","background-repeat":"repeat","background-position":"center center","background-size":"auto","background-attachment":"scroll","background-type":"","background-media":"","overlay-type":"","overlay-color":"","overlay-opacity":"","overlay-gradient":""},"tablet":{"background-color":"var(--ast-global-color-5)","background-image":"","background-repeat":"repeat","background-position":"center center","background-size":"auto","background-attachment":"scroll","background-type":"","background-media":"","overlay-type":"","overlay-color":"","overlay-opacity":"","overlay-gradient":""},"mobile":{"background-color":"var(--ast-global-color-5)","background-image":"","background-repeat":"repeat","background-position":"center center","background-size":"auto","background-attachment":"scroll","background-type":"","background-media":"","overlay-type":"","overlay-color":"","overlay-opacity":"","overlay-gradient":""}},"footnotes":""},"categories":[35],"tags":[10,44,16,11],"class_list":["post-123","post","type-post","status-publish","format-standard","has-post-thumbnail","hentry","category-rando-nord","tag-conseils-de-randonnee","tag-la-reunion","tag-securite","tag-securite-en-montagne"],"yoast_head":"<!-- This site is optimized with the Yoast SEO plugin v27.5 - https:\/\/yoast.com\/product\/yoast-seo-wordpress\/ -->\n<title>Rando Nord : mars 2025 - M\u00e9t\u00e9o974<\/title>\n<meta name=\"robots\" content=\"index, follow, max-snippet:-1, max-image-preview:large, max-video-preview:-1\" \/>\n<link rel=\"canonical\" href=\"http:\/\/meteo974.fr\/?p=123\" \/>\n<meta property=\"og:locale\" content=\"fr_FR\" \/>\n<meta property=\"og:type\" content=\"article\" \/>\n<meta property=\"og:title\" content=\"Rando Nord : mars 2025 - M\u00e9t\u00e9o974\" \/>\n<meta property=\"og:description\" content=\"Lundi et mardi conserveront des conditions relativement humides avec des pluies ou averses se d\u00e9veloppant en journ\u00e9e apr\u00e8s des d\u00e9buts de matin\u00e9es...\" \/>\n<meta property=\"og:url\" content=\"http:\/\/meteo974.fr\/?p=123\" \/>\n<meta property=\"og:site_name\" content=\"M\u00e9t\u00e9o974\" \/>\n<meta property=\"article:published_time\" content=\"2024-10-21T15:06:55+00:00\" \/>\n<meta property=\"article:modified_time\" content=\"2025-03-17T16:41:17+00:00\" \/>\n<meta property=\"og:image\" content=\"http:\/\/meteo974.fr\/wp-content\/uploads\/2024\/08\/meteo974nord.png\" \/>\n\t<meta property=\"og:image:width\" content=\"1868\" \/>\n\t<meta property=\"og:image:height\" content=\"1263\" \/>\n\t<meta property=\"og:image:type\" content=\"image\/png\" \/>\n<meta name=\"author\" content=\"Admin-974\" \/>\n<meta name=\"twitter:card\" content=\"summary_large_image\" \/>\n<meta name=\"twitter:label1\" content=\"\u00c9crit par\" \/>\n\t<meta name=\"twitter:data1\" content=\"Admin-974\" \/>\n\t<meta name=\"twitter:label2\" content=\"Dur\u00e9e de lecture estim\u00e9e\" \/>\n\t<meta name=\"twitter:data2\" content=\"1 minute\" \/>\n<script type=\"application\/ld+json\" class=\"yoast-schema-graph\">{\"@context\":\"https:\\\/\\\/schema.org\",\"@graph\":[{\"@type\":\"Article\",\"@id\":\"http:\\\/\\\/meteo974.fr\\\/?p=123#article\",\"isPartOf\":{\"@id\":\"http:\\\/\\\/meteo974.fr\\\/?p=123\"},\"author\":{\"name\":\"Admin-974\",\"@id\":\"http:\\\/\\\/meteo974.fr\\\/#\\\/schema\\\/person\\\/4ec916c19ddea8cd2fd4f39a02b71ef9\"},\"headline\":\"Rando Nord : mars 2025\",\"datePublished\":\"2024-10-21T15:06:55+00:00\",\"dateModified\":\"2025-03-17T16:41:17+00:00\",\"mainEntityOfPage\":{\"@id\":\"http:\\\/\\\/meteo974.fr\\\/?p=123\"},\"wordCount\":125,\"publisher\":{\"@id\":\"http:\\\/\\\/meteo974.fr\\\/#organization\"},\"image\":{\"@id\":\"http:\\\/\\\/meteo974.fr\\\/?p=123#primaryimage\"},\"thumbnailUrl\":\"https:\\\/\\\/meteo974.fr\\\/wp-content\\\/uploads\\\/2024\\\/08\\\/meteo974nord.png\",\"keywords\":[\"conseils de randonn\u00e9e\",\"la R\u00e9union\",\"s\u00e9curit\u00e9\",\"s\u00e9curit\u00e9 en montagne\"],\"articleSection\":[\"Rando-Nord\"],\"inLanguage\":\"fr-FR\"},{\"@type\":\"WebPage\",\"@id\":\"http:\\\/\\\/meteo974.fr\\\/?p=123\",\"url\":\"http:\\\/\\\/meteo974.fr\\\/?p=123\",\"name\":\"Rando Nord : mars 2025 - M\u00e9t\u00e9o974\",\"isPartOf\":{\"@id\":\"http:\\\/\\\/meteo974.fr\\\/#website\"},\"primaryImageOfPage\":{\"@id\":\"http:\\\/\\\/meteo974.fr\\\/?p=123#primaryimage\"},\"image\":{\"@id\":\"http:\\\/\\\/meteo974.fr\\\/?p=123#primaryimage\"},\"thumbnailUrl\":\"https:\\\/\\\/meteo974.fr\\\/wp-content\\\/uploads\\\/2024\\\/08\\\/meteo974nord.png\",\"datePublished\":\"2024-10-21T15:06:55+00:00\",\"dateModified\":\"2025-03-17T16:41:17+00:00\",\"breadcrumb\":{\"@id\":\"http:\\\/\\\/meteo974.fr\\\/?p=123#breadcrumb\"},\"inLanguage\":\"fr-FR\",\"potentialAction\":[{\"@type\":\"ReadAction\",\"target\":[\"http:\\\/\\\/meteo974.fr\\\/?p=123\"]}]},{\"@type\":\"ImageObject\",\"inLanguage\":\"fr-FR\",\"@id\":\"http:\\\/\\\/meteo974.fr\\\/?p=123#primaryimage\",\"url\":\"https:\\\/\\\/meteo974.fr\\\/wp-content\\\/uploads\\\/2024\\\/08\\\/meteo974nord.png\",\"contentUrl\":\"https:\\\/\\\/meteo974.fr\\\/wp-content\\\/uploads\\\/2024\\\/08\\\/meteo974nord.png\",\"width\":1868,\"height\":1263},{\"@type\":\"BreadcrumbList\",\"@id\":\"http:\\\/\\\/meteo974.fr\\\/?p=123#breadcrumb\",\"itemListElement\":[{\"@type\":\"ListItem\",\"position\":1,\"name\":\"Accueil\",\"item\":\"http:\\\/\\\/meteo974.fr\\\/\"},{\"@type\":\"ListItem\",\"position\":2,\"name\":\"Rando Nord : mars 2025\"}]},{\"@type\":\"WebSite\",\"@id\":\"http:\\\/\\\/meteo974.fr\\\/#website\",\"url\":\"http:\\\/\\\/meteo974.fr\\\/\",\"name\":\"M\u00e9t\u00e9o974\",\"description\":\"Pr\u00e9voir, prot\u00e9ger, pr\u00e9server\",\"publisher\":{\"@id\":\"http:\\\/\\\/meteo974.fr\\\/#organization\"},\"potentialAction\":[{\"@type\":\"SearchAction\",\"target\":{\"@type\":\"EntryPoint\",\"urlTemplate\":\"http:\\\/\\\/meteo974.fr\\\/?s={search_term_string}\"},\"query-input\":{\"@type\":\"PropertyValueSpecification\",\"valueRequired\":true,\"valueName\":\"search_term_string\"}}],\"inLanguage\":\"fr-FR\"},{\"@type\":\"Organization\",\"@id\":\"http:\\\/\\\/meteo974.fr\\\/#organization\",\"name\":\"M\u00e9t\u00e9o974\",\"url\":\"http:\\\/\\\/meteo974.fr\\\/\",\"logo\":{\"@type\":\"ImageObject\",\"inLanguage\":\"fr-FR\",\"@id\":\"http:\\\/\\\/meteo974.fr\\\/#\\\/schema\\\/logo\\\/image\\\/\",\"url\":\"https:\\\/\\\/meteo974.fr\\\/wp-content\\\/uploads\\\/2024\\\/08\\\/logo-Horizontal-blanc-scaled.png\",\"contentUrl\":\"https:\\\/\\\/meteo974.fr\\\/wp-content\\\/uploads\\\/2024\\\/08\\\/logo-Horizontal-blanc-scaled.png\",\"width\":2560,\"height\":1172,\"caption\":\"M\u00e9t\u00e9o974\"},\"image\":{\"@id\":\"http:\\\/\\\/meteo974.fr\\\/#\\\/schema\\\/logo\\\/image\\\/\"}},{\"@type\":\"Person\",\"@id\":\"http:\\\/\\\/meteo974.fr\\\/#\\\/schema\\\/person\\\/4ec916c19ddea8cd2fd4f39a02b71ef9\",\"name\":\"Admin-974\",\"image\":{\"@type\":\"ImageObject\",\"inLanguage\":\"fr-FR\",\"@id\":\"https:\\\/\\\/secure.gravatar.com\\\/avatar\\\/24f9b823328d22d6492ae78f1f7cdb9760bb9969d271ceae9e10bbc4e6b39468?s=96&d=mm&r=g\",\"url\":\"https:\\\/\\\/secure.gravatar.com\\\/avatar\\\/24f9b823328d22d6492ae78f1f7cdb9760bb9969d271ceae9e10bbc4e6b39468?s=96&d=mm&r=g\",\"contentUrl\":\"https:\\\/\\\/secure.gravatar.com\\\/avatar\\\/24f9b823328d22d6492ae78f1f7cdb9760bb9969d271ceae9e10bbc4e6b39468?s=96&d=mm&r=g\",\"caption\":\"Admin-974\"},\"sameAs\":[\"http:\\\/\\\/meteo974.fr\"],\"url\":\"https:\\\/\\\/meteo974.fr\\\/?author=1\"}]}<\/script>\n<!-- \/ Yoast SEO plugin. -->","yoast_head_json":{"title":"Rando Nord : mars 2025 - M\u00e9t\u00e9o974","robots":{"index":"index","follow":"follow","max-snippet":"max-snippet:-1","max-image-preview":"max-image-preview:large","max-video-preview":"max-video-preview:-1"},"canonical":"http:\/\/meteo974.fr\/?p=123","og_locale":"fr_FR","og_type":"article","og_title":"Rando Nord : mars 2025 - M\u00e9t\u00e9o974","og_description":"Lundi et mardi conserveront des conditions relativement humides avec des pluies ou averses se d\u00e9veloppant en journ\u00e9e apr\u00e8s des d\u00e9buts de matin\u00e9es...","og_url":"http:\/\/meteo974.fr\/?p=123","og_site_name":"M\u00e9t\u00e9o974","article_published_time":"2024-10-21T15:06:55+00:00","article_modified_time":"2025-03-17T16:41:17+00:00","og_image":[{"width":1868,"height":1263,"url":"http:\/\/meteo974.fr\/wp-content\/uploads\/2024\/08\/meteo974nord.png","type":"image\/png"}],"author":"Admin-974","twitter_card":"summary_large_image","twitter_misc":{"\u00c9crit par":"Admin-974","Dur\u00e9e de lecture estim\u00e9e":"1 minute"},"schema":{"@context":"https:\/\/schema.org","@graph":[{"@type":"Article","@id":"http:\/\/meteo974.fr\/?p=123#article","isPartOf":{"@id":"http:\/\/meteo974.fr\/?p=123"},"author":{"name":"Admin-974","@id":"http:\/\/meteo974.fr\/#\/schema\/person\/4ec916c19ddea8cd2fd4f39a02b71ef9"},"headline":"Rando Nord : mars 2025","datePublished":"2024-10-21T15:06:55+00:00","dateModified":"2025-03-17T16:41:17+00:00","mainEntityOfPage":{"@id":"http:\/\/meteo974.fr\/?p=123"},"wordCount":125,"publisher":{"@id":"http:\/\/meteo974.fr\/#organization"},"image":{"@id":"http:\/\/meteo974.fr\/?p=123#primaryimage"},"thumbnailUrl":"https:\/\/meteo974.fr\/wp-content\/uploads\/2024\/08\/meteo974nord.png","keywords":["conseils de randonn\u00e9e","la R\u00e9union","s\u00e9curit\u00e9","s\u00e9curit\u00e9 en montagne"],"articleSection":["Rando-Nord"],"inLanguage":"fr-FR"},{"@type":"WebPage","@id":"http:\/\/meteo974.fr\/?p=123","url":"http:\/\/meteo974.fr\/?p=123","name":"Rando Nord : mars 2025 - M\u00e9t\u00e9o974","isPartOf":{"@id":"http:\/\/meteo974.fr\/#website"},"primaryImageOfPage":{"@id":"http:\/\/meteo974.fr\/?p=123#primaryimage"},"image":{"@id":"http:\/\/meteo974.fr\/?p=123#primaryimage"},"thumbnailUrl":"https:\/\/meteo974.fr\/wp-content\/uploads\/2024\/08\/meteo974nord.png","datePublished":"2024-10-21T15:06:55+00:00","dateModified":"2025-03-17T16:41:17+00:00","breadcrumb":{"@id":"http:\/\/meteo974.fr\/?p=123#breadcrumb"},"inLanguage":"fr-FR","potentialAction":[{"@type":"ReadAction","target":["http:\/\/meteo974.fr\/?p=123"]}]},{"@type":"ImageObject","inLanguage":"fr-FR","@id":"http:\/\/meteo974.fr\/?p=123#primaryimage","url":"https:\/\/meteo974.fr\/wp-content\/uploads\/2024\/08\/meteo974nord.png","contentUrl":"https:\/\/meteo974.fr\/wp-content\/uploads\/2024\/08\/meteo974nord.png","width":1868,"height":1263},{"@type":"BreadcrumbList","@id":"http:\/\/meteo974.fr\/?p=123#breadcrumb","itemListElement":[{"@type":"ListItem","position":1,"name":"Accueil","item":"http:\/\/meteo974.fr\/"},{"@type":"ListItem","position":2,"name":"Rando Nord : mars 2025"}]},{"@type":"WebSite","@id":"http:\/\/meteo974.fr\/#website","url":"http:\/\/meteo974.fr\/","name":"M\u00e9t\u00e9o974","description":"Pr\u00e9voir, prot\u00e9ger, pr\u00e9server","publisher":{"@id":"http:\/\/meteo974.fr\/#organization"},"potentialAction":[{"@type":"SearchAction","target":{"@type":"EntryPoint","urlTemplate":"http:\/\/meteo974.fr\/?s={search_term_string}"},"query-input":{"@type":"PropertyValueSpecification","valueRequired":true,"valueName":"search_term_string"}}],"inLanguage":"fr-FR"},{"@type":"Organization","@id":"http:\/\/meteo974.fr\/#organization","name":"M\u00e9t\u00e9o974","url":"http:\/\/meteo974.fr\/","logo":{"@type":"ImageObject","inLanguage":"fr-FR","@id":"http:\/\/meteo974.fr\/#\/schema\/logo\/image\/","url":"https:\/\/meteo974.fr\/wp-content\/uploads\/2024\/08\/logo-Horizontal-blanc-scaled.png","contentUrl":"https:\/\/meteo974.fr\/wp-content\/uploads\/2024\/08\/logo-Horizontal-blanc-scaled.png","width":2560,"height":1172,"caption":"M\u00e9t\u00e9o974"},"image":{"@id":"http:\/\/meteo974.fr\/#\/schema\/logo\/image\/"}},{"@type":"Person","@id":"http:\/\/meteo974.fr\/#\/schema\/person\/4ec916c19ddea8cd2fd4f39a02b71ef9","name":"Admin-974","image":{"@type":"ImageObject","inLanguage":"fr-FR","@id":"https:\/\/secure.gravatar.com\/avatar\/24f9b823328d22d6492ae78f1f7cdb9760bb9969d271ceae9e10bbc4e6b39468?s=96&d=mm&r=g","url":"https:\/\/secure.gravatar.com\/avatar\/24f9b823328d22d6492ae78f1f7cdb9760bb9969d271ceae9e10bbc4e6b39468?s=96&d=mm&r=g","contentUrl":"https:\/\/secure.gravatar.com\/avatar\/24f9b823328d22d6492ae78f1f7cdb9760bb9969d271ceae9e10bbc4e6b39468?s=96&d=mm&r=g","caption":"Admin-974"},"sameAs":["http:\/\/meteo974.fr"],"url":"https:\/\/meteo974.fr\/?author=1"}]}},"_links":{"self":[{"href":"https:\/\/meteo974.fr\/index.php?rest_route=\/wp\/v2\/posts\/123","targetHints":{"allow":["GET"]}}],"collection":[{"href":"https:\/\/meteo974.fr\/index.php?rest_route=\/wp\/v2\/posts"}],"about":[{"href":"https:\/\/meteo974.fr\/index.php?rest_route=\/wp\/v2\/types\/post"}],"author":[{"embeddable":true,"href":"https:\/\/meteo974.fr\/index.php?rest_route=\/wp\/v2\/users\/1"}],"replies":[{"embeddable":true,"href":"https:\/\/meteo974.fr\/index.php?rest_route=%2Fwp%2Fv2%2Fcomments&post=123"}],"version-history":[{"count":16,"href":"https:\/\/meteo974.fr\/index.php?rest_route=\/wp\/v2\/posts\/123\/revisions"}],"predecessor-version":[{"id":4873,"href":"https:\/\/meteo974.fr\/index.php?rest_route=\/wp\/v2\/posts\/123\/revisions\/4873"}],"wp:featuredmedia":[{"embeddable":true,"href":"https:\/\/meteo974.fr\/index.php?rest_route=\/wp\/v2\/media\/751"}],"wp:attachment":[{"href":"https:\/\/meteo974.fr\/index.php?rest_route=%2Fwp%2Fv2%2Fmedia&parent=123"}],"wp:term":[{"taxonomy":"category","embeddable":true,"href":"https:\/\/meteo974.fr\/index.php?rest_route=%2Fwp%2Fv2%2Fcategories&post=123"},{"taxonomy":"post_tag","embeddable":true,"href":"https:\/\/meteo974.fr\/index.php?rest_route=%2Fwp%2Fv2%2Ftags&post=123"}],"curies":[{"name":"wp","href":"https:\/\/api.w.org\/{rel}","templated":true}]}}