{"id":6294,"date":"2025-09-11T17:56:00","date_gmt":"2025-09-11T13:56:00","guid":{"rendered":"https:\/\/meteo974.fr\/?p=6294"},"modified":"2025-09-12T10:32:36","modified_gmt":"2025-09-12T06:32:36","slug":"un-mot-sur-la-tempete-tropicale-blossom","status":"publish","type":"post","link":"http:\/\/meteo974.fr\/?p=6294","title":{"rendered":"Un mot sur la temp\u00eate tropicale BLOSSOM"},"content":{"rendered":"\n<div class=\"wp-block-cover\" style=\"margin-top:32px;margin-bottom:32px\"><img fetchpriority=\"high\" decoding=\"async\" width=\"1346\" height=\"858\" class=\"wp-block-cover__image-background wp-image-6295 size-full\" alt=\"\" src=\"https:\/\/meteo974.fr\/wp-content\/uploads\/2025\/09\/blossom20250911.png\" data-object-fit=\"cover\" srcset=\"http:\/\/meteo974.fr\/wp-content\/uploads\/2025\/09\/blossom20250911.png 1346w, http:\/\/meteo974.fr\/wp-content\/uploads\/2025\/09\/blossom20250911-300x191.png 300w, http:\/\/meteo974.fr\/wp-content\/uploads\/2025\/09\/blossom20250911-1024x653.png 1024w, http:\/\/meteo974.fr\/wp-content\/uploads\/2025\/09\/blossom20250911-768x490.png 768w\" sizes=\"(max-width: 1346px) 100vw, 1346px\" \/><span aria-hidden=\"true\" class=\"wp-block-cover__background has-background-dim\" style=\"background-color:#979ea6\"><\/span><div class=\"wp-block-cover__inner-container is-layout-flow wp-block-cover-is-layout-flow\">\n<h2 class=\"wp-block-heading has-text-align-center has-large-font-size\"><strong>Un mot sur la temp\u00eate tropicale BLOSSOM<\/strong><\/h2>\n<\/div><\/div>\n\n\n\n<p>Un mot suffirait presque tant le ph\u00e9nom\u00e8ne s&rsquo;annonce anecdotique dans l&rsquo;oc\u00e9an Indien, sans la moindre influence sur les Mascareignes ou d&rsquo;autres lieux habit\u00e9s. Un feu de paille en somme&#8230;<\/p>\n\n\n\n<div class=\"wp-block-columns are-vertically-aligned-center is-layout-flex wp-container-core-columns-is-layout-28f84493 wp-block-columns-is-layout-flex\">\n<div class=\"wp-block-column is-vertically-aligned-center is-layout-flow wp-block-column-is-layout-flow\">\n<figure class=\"wp-block-image size-full has-custom-border\"><img decoding=\"async\" width=\"1346\" height=\"858\" src=\"http:\/\/meteo974.fr\/wp-content\/uploads\/2025\/09\/blossom20250911.png\" alt=\"\" class=\"wp-image-6295\" style=\"border-radius:12px\" srcset=\"http:\/\/meteo974.fr\/wp-content\/uploads\/2025\/09\/blossom20250911.png 1346w, http:\/\/meteo974.fr\/wp-content\/uploads\/2025\/09\/blossom20250911-300x191.png 300w, http:\/\/meteo974.fr\/wp-content\/uploads\/2025\/09\/blossom20250911-1024x653.png 1024w, http:\/\/meteo974.fr\/wp-content\/uploads\/2025\/09\/blossom20250911-768x490.png 768w\" sizes=\"(max-width: 1346px) 100vw, 1346px\" \/><\/figure>\n\n\n\n<p>Temp\u00eate tropicale BLOSSOM ce jeudi 11 septembre 2025<\/p>\n<\/div>\n\n\n\n<div class=\"wp-block-column is-vertically-aligned-center is-layout-flow wp-block-column-is-layout-flow\">\n<p>Certains m\u00e9dias pas tr\u00e8s s\u00e9rieux s&rsquo;enflamment d\u00e9j\u00e0 sur cette temp\u00eate tropicale BLOSSOM qui \u00e9tait situ\u00e9e \u00e0 1.500 km au nord-nord-est de la R\u00e9union jeudi. Autant le dire franchement : ils perdent leur temps \u00e0 faire un buzz inutile sur un petit ph\u00e9nom\u00e8ne passager.<\/p>\n\n\n\n<p>BLOSSOM s&rsquo;est rapidement d\u00e9structur\u00e9 en l&rsquo;absence de bons param\u00e8tres pour lui permettre de se d\u00e9velopper ou m\u00eame de se maintenir. R\u00e9sultat, le ph\u00e9nom\u00e8ne est d\u00e9j\u00e0 d\u00e9c\u00e9d\u00e9, fini, niet, termin\u00e9 !<\/p>\n\n\n\n<p>Les R\u00e9unionnais et Mauriciens peuvent dormir sur leurs deux oreilles. <\/p>\n<\/div>\n<\/div>\n\n\n\n<div class=\"wp-block-columns are-vertically-aligned-center is-layout-flex wp-container-core-columns-is-layout-a5331a9e wp-block-columns-is-layout-flex\" style=\"padding-top:0;padding-right:0;padding-bottom:0;padding-left:0\">\n<div class=\"wp-block-column is-vertically-aligned-center is-layout-flow wp-block-column-is-layout-flow\" style=\"flex-basis:15%\">\n<p class=\"has-text-align-left\"><strong><mark style=\"background-color:rgba(0, 0, 0, 0);color:#0b0e4f\" class=\"has-inline-color\">Cat\u00e9gories<\/mark><\/strong><\/p>\n<\/div>\n\n\n\n<div class=\"wp-block-column is-vertically-aligned-center has-text-color has-link-color wp-elements-f7e1b2246115720c497f5c40769fcee1 is-layout-flow wp-block-column-is-layout-flow\" style=\"color:#59d49c;flex-basis:66.66%\"><div style=\"padding-right:0;padding-left:0;padding-top:var(--wp--preset--spacing--50);padding-bottom:var(--wp--preset--spacing--50)\" class=\"taxonomy-post_tag wp-block-post-terms\"><a href=\"http:\/\/meteo974.fr\/?tag=blossom\" rel=\"tag\">Blossom<\/a><span class=\"wp-block-post-terms__separator\"> | <\/span><a href=\"http:\/\/meteo974.fr\/?tag=ciel\" rel=\"tag\">Ciel<\/a><span class=\"wp-block-post-terms__separator\"> | <\/span><a href=\"http:\/\/meteo974.fr\/?tag=climat\" rel=\"tag\">Climat<\/a><span class=\"wp-block-post-terms__separator\"> | <\/span><a href=\"http:\/\/meteo974.fr\/?tag=cyclone\" rel=\"tag\">cyclone<\/a><span class=\"wp-block-post-terms__separator\"> | <\/span><a href=\"http:\/\/meteo974.fr\/?tag=la-reunion\" rel=\"tag\">la R\u00e9union<\/a><span class=\"wp-block-post-terms__separator\"> | <\/span><a href=\"http:\/\/meteo974.fr\/?tag=meteo\" rel=\"tag\">M\u00e9t\u00e9o<\/a><span class=\"wp-block-post-terms__separator\"> | <\/span><a href=\"http:\/\/meteo974.fr\/?tag=ocean-indien\" rel=\"tag\">Oc\u00e9an Indien<\/a><span class=\"wp-block-post-terms__separator\"> | <\/span><a href=\"http:\/\/meteo974.fr\/?tag=saint-benoit\" rel=\"tag\">Saint Benoit<\/a><span class=\"wp-block-post-terms__separator\"> | <\/span><a href=\"http:\/\/meteo974.fr\/?tag=saint-denis\" rel=\"tag\">Saint Denis<\/a><span class=\"wp-block-post-terms__separator\"> | <\/span><a href=\"http:\/\/meteo974.fr\/?tag=saint-paul\" rel=\"tag\">Saint Paul<\/a><span class=\"wp-block-post-terms__separator\"> | <\/span><a href=\"http:\/\/meteo974.fr\/?tag=saint-philippe\" rel=\"tag\">Saint Philippe<\/a><span class=\"wp-block-post-terms__separator\"> | <\/span><a href=\"http:\/\/meteo974.fr\/?tag=sainte-rose\" rel=\"tag\">Sainte Rose<\/a><span class=\"wp-block-post-terms__separator\"> | <\/span><a href=\"http:\/\/meteo974.fr\/?tag=savanne\" rel=\"tag\">Savanne<\/a><span class=\"wp-block-post-terms__separator\"> | <\/span><a href=\"http:\/\/meteo974.fr\/?tag=soleil\" rel=\"tag\">Soleil<\/a><span class=\"wp-block-post-terms__separator\"> | <\/span><a href=\"http:\/\/meteo974.fr\/?tag=tempete-tropicale\" rel=\"tag\">Temp\u00eate tropicale<\/a><\/div><\/div>\n<\/div>\n\n\n\n<hr class=\"wp-block-separator has-alpha-channel-opacity is-style-wide\" style=\"margin-top:2rem;margin-bottom:2rem\"\/>\n\n\n\n<p><\/p>\n","protected":false},"excerpt":{"rendered":"<p>Un mot suffirait presque tant le ph\u00e9nom\u00e8ne s&rsquo;annonce anecdotique dans l&rsquo;oc\u00e9an Indien, sans la moindre influence sur les Mascareignes ou d&rsquo;autres lieux habit\u00e9s. Un feu de paille en somme&#8230;<\/p>\n","protected":false},"author":2,"featured_media":6295,"comment_status":"closed","ping_status":"open","sticky":false,"template":"","format":"standard","meta":{"site-sidebar-layout":"default","site-content-layout":"","ast-site-content-layout":"","site-content-style":"default","site-sidebar-style":"default","ast-global-header-display":"","ast-banner-title-visibility":"","ast-main-header-display":"","ast-hfb-above-header-display":"","ast-hfb-below-header-display":"","ast-hfb-mobile-header-display":"","site-post-title":"disabled","ast-breadcrumbs-content":"","ast-featured-img":"","footer-sml-layout":"","theme-transparent-header-meta":"","adv-header-id-meta":"","stick-header-meta":"","header-above-stick-meta":"","header-main-stick-meta":"","header-below-stick-meta":"","astra-migrate-meta-layouts":"default","ast-page-background-enabled":"default","ast-page-background-meta":{"desktop":{"background-color":"var(--ast-global-color-4)","background-image":"","background-repeat":"repeat","background-position":"center center","background-size":"auto","background-attachment":"scroll","background-type":"","background-media":"","overlay-type":"","overlay-color":"","overlay-opacity":"","overlay-gradient":""},"tablet":{"background-color":"","background-image":"","background-repeat":"repeat","background-position":"center center","background-size":"auto","background-attachment":"scroll","background-type":"","background-media":"","overlay-type":"","overlay-color":"","overlay-opacity":"","overlay-gradient":""},"mobile":{"background-color":"","background-image":"","background-repeat":"repeat","background-position":"center center","background-size":"auto","background-attachment":"scroll","background-type":"","background-media":"","overlay-type":"","overlay-color":"","overlay-opacity":"","overlay-gradient":""}},"ast-content-background-meta":{"desktop":{"background-color":"var(--ast-global-color-5)","background-image":"","background-repeat":"repeat","background-position":"center center","background-size":"auto","background-attachment":"scroll","background-type":"","background-media":"","overlay-type":"","overlay-color":"","overlay-opacity":"","overlay-gradient":""},"tablet":{"background-color":"var(--ast-global-color-5)","background-image":"","background-repeat":"repeat","background-position":"center center","background-size":"auto","background-attachment":"scroll","background-type":"","background-media":"","overlay-type":"","overlay-color":"","overlay-opacity":"","overlay-gradient":""},"mobile":{"background-color":"var(--ast-global-color-5)","background-image":"","background-repeat":"repeat","background-position":"center center","background-size":"auto","background-attachment":"scroll","background-type":"","background-media":"","overlay-type":"","overlay-color":"","overlay-opacity":"","overlay-gradient":""}},"footnotes":""},"categories":[4,8,5],"tags":[131,69,60,12,44,61,52,108,102,80,106,107,79,66,130],"class_list":["post-6294","post","type-post","status-publish","format-standard","has-post-thumbnail","hentry","category-climat","category-meteo","category-ocean","tag-blossom","tag-ciel","tag-climat","tag-cyclone","tag-la-reunion","tag-meteo","tag-ocean-indien","tag-saint-benoit","tag-saint-denis","tag-saint-paul","tag-saint-philippe","tag-sainte-rose","tag-savanne","tag-soleil","tag-tempete-tropicale"],"yoast_head":"<!-- This site is optimized with the Yoast SEO plugin v27.5 - https:\/\/yoast.com\/product\/yoast-seo-wordpress\/ -->\n<title>Un mot sur la temp\u00eate tropicale BLOSSOM - M\u00e9t\u00e9o974<\/title>\n<meta name=\"robots\" content=\"index, follow, max-snippet:-1, max-image-preview:large, max-video-preview:-1\" \/>\n<link rel=\"canonical\" href=\"https:\/\/meteo974.fr\/?p=6294\" \/>\n<meta property=\"og:locale\" content=\"fr_FR\" \/>\n<meta property=\"og:type\" content=\"article\" \/>\n<meta property=\"og:title\" content=\"Un mot sur la temp\u00eate tropicale BLOSSOM - M\u00e9t\u00e9o974\" \/>\n<meta property=\"og:description\" content=\"Un mot suffirait presque tant le ph\u00e9nom\u00e8ne s&#039;annonce anecdotique dans l&#039;oc\u00e9an Indien, sans la moindre influence sur les Mascareignes ou d&#039;autres lieux habit\u00e9s. Un feu de paille en somme...\" \/>\n<meta property=\"og:url\" content=\"https:\/\/meteo974.fr\/?p=6294\" \/>\n<meta property=\"og:site_name\" content=\"M\u00e9t\u00e9o974\" \/>\n<meta property=\"article:published_time\" content=\"2025-09-11T13:56:00+00:00\" \/>\n<meta property=\"article:modified_time\" content=\"2025-09-12T06:32:36+00:00\" \/>\n<meta property=\"og:image\" content=\"https:\/\/meteo974.fr\/wp-content\/uploads\/2025\/09\/blossom20250911-1024x653.png\" \/>\n\t<meta property=\"og:image:width\" content=\"1024\" \/>\n\t<meta property=\"og:image:height\" content=\"653\" \/>\n\t<meta property=\"og:image:type\" content=\"image\/png\" \/>\n<meta name=\"author\" content=\"Fr\u00e9d\u00e9ric Decker\" \/>\n<meta name=\"twitter:card\" content=\"summary_large_image\" \/>\n<meta name=\"twitter:label1\" content=\"\u00c9crit par\" \/>\n\t<meta name=\"twitter:data1\" content=\"Fr\u00e9d\u00e9ric Decker\" \/>\n\t<meta name=\"twitter:label2\" content=\"Dur\u00e9e de lecture estim\u00e9e\" \/>\n\t<meta name=\"twitter:data2\" content=\"2 minutes\" \/>\n<script type=\"application\/ld+json\" class=\"yoast-schema-graph\">{\"@context\":\"https:\\\/\\\/schema.org\",\"@graph\":[{\"@type\":\"Article\",\"@id\":\"https:\\\/\\\/meteo974.fr\\\/?p=6294#article\",\"isPartOf\":{\"@id\":\"https:\\\/\\\/meteo974.fr\\\/?p=6294\"},\"author\":{\"name\":\"Fr\u00e9d\u00e9ric Decker\",\"@id\":\"http:\\\/\\\/meteo974.fr\\\/#\\\/schema\\\/person\\\/4fa1c831e36bb8011f6eddbd5dabd9c4\"},\"headline\":\"Un mot sur la temp\u00eate tropicale BLOSSOM\",\"datePublished\":\"2025-09-11T13:56:00+00:00\",\"dateModified\":\"2025-09-12T06:32:36+00:00\",\"mainEntityOfPage\":{\"@id\":\"https:\\\/\\\/meteo974.fr\\\/?p=6294\"},\"wordCount\":156,\"publisher\":{\"@id\":\"http:\\\/\\\/meteo974.fr\\\/#organization\"},\"image\":{\"@id\":\"https:\\\/\\\/meteo974.fr\\\/?p=6294#primaryimage\"},\"thumbnailUrl\":\"http:\\\/\\\/meteo974.fr\\\/wp-content\\\/uploads\\\/2025\\\/09\\\/blossom20250911.png\",\"keywords\":[\"Blossom\",\"Ciel\",\"Climat\",\"cyclone\",\"la R\u00e9union\",\"M\u00e9t\u00e9o\",\"Oc\u00e9an Indien\",\"Saint Benoit\",\"Saint Denis\",\"Saint Paul\",\"Saint Philippe\",\"Sainte Rose\",\"Savanne\",\"Soleil\",\"Temp\u00eate tropicale\"],\"articleSection\":[\"Climat\",\"Meteo\",\"Oc\u00e9an\"],\"inLanguage\":\"fr-FR\"},{\"@type\":\"WebPage\",\"@id\":\"https:\\\/\\\/meteo974.fr\\\/?p=6294\",\"url\":\"https:\\\/\\\/meteo974.fr\\\/?p=6294\",\"name\":\"Un mot sur la temp\u00eate tropicale BLOSSOM - M\u00e9t\u00e9o974\",\"isPartOf\":{\"@id\":\"http:\\\/\\\/meteo974.fr\\\/#website\"},\"primaryImageOfPage\":{\"@id\":\"https:\\\/\\\/meteo974.fr\\\/?p=6294#primaryimage\"},\"image\":{\"@id\":\"https:\\\/\\\/meteo974.fr\\\/?p=6294#primaryimage\"},\"thumbnailUrl\":\"http:\\\/\\\/meteo974.fr\\\/wp-content\\\/uploads\\\/2025\\\/09\\\/blossom20250911.png\",\"datePublished\":\"2025-09-11T13:56:00+00:00\",\"dateModified\":\"2025-09-12T06:32:36+00:00\",\"breadcrumb\":{\"@id\":\"https:\\\/\\\/meteo974.fr\\\/?p=6294#breadcrumb\"},\"inLanguage\":\"fr-FR\",\"potentialAction\":[{\"@type\":\"ReadAction\",\"target\":[\"https:\\\/\\\/meteo974.fr\\\/?p=6294\"]}]},{\"@type\":\"ImageObject\",\"inLanguage\":\"fr-FR\",\"@id\":\"https:\\\/\\\/meteo974.fr\\\/?p=6294#primaryimage\",\"url\":\"http:\\\/\\\/meteo974.fr\\\/wp-content\\\/uploads\\\/2025\\\/09\\\/blossom20250911.png\",\"contentUrl\":\"http:\\\/\\\/meteo974.fr\\\/wp-content\\\/uploads\\\/2025\\\/09\\\/blossom20250911.png\",\"width\":1346,\"height\":858},{\"@type\":\"BreadcrumbList\",\"@id\":\"https:\\\/\\\/meteo974.fr\\\/?p=6294#breadcrumb\",\"itemListElement\":[{\"@type\":\"ListItem\",\"position\":1,\"name\":\"Accueil\",\"item\":\"http:\\\/\\\/meteo974.fr\\\/\"},{\"@type\":\"ListItem\",\"position\":2,\"name\":\"Un mot sur la temp\u00eate tropicale BLOSSOM\"}]},{\"@type\":\"WebSite\",\"@id\":\"http:\\\/\\\/meteo974.fr\\\/#website\",\"url\":\"http:\\\/\\\/meteo974.fr\\\/\",\"name\":\"M\u00e9t\u00e9o974\",\"description\":\"Pr\u00e9voir, prot\u00e9ger, pr\u00e9server\",\"publisher\":{\"@id\":\"http:\\\/\\\/meteo974.fr\\\/#organization\"},\"potentialAction\":[{\"@type\":\"SearchAction\",\"target\":{\"@type\":\"EntryPoint\",\"urlTemplate\":\"http:\\\/\\\/meteo974.fr\\\/?s={search_term_string}\"},\"query-input\":{\"@type\":\"PropertyValueSpecification\",\"valueRequired\":true,\"valueName\":\"search_term_string\"}}],\"inLanguage\":\"fr-FR\"},{\"@type\":\"Organization\",\"@id\":\"http:\\\/\\\/meteo974.fr\\\/#organization\",\"name\":\"M\u00e9t\u00e9o974\",\"url\":\"http:\\\/\\\/meteo974.fr\\\/\",\"logo\":{\"@type\":\"ImageObject\",\"inLanguage\":\"fr-FR\",\"@id\":\"http:\\\/\\\/meteo974.fr\\\/#\\\/schema\\\/logo\\\/image\\\/\",\"url\":\"http:\\\/\\\/meteo974.fr\\\/wp-content\\\/uploads\\\/2024\\\/08\\\/logo-Horizontal-blanc-scaled.png\",\"contentUrl\":\"http:\\\/\\\/meteo974.fr\\\/wp-content\\\/uploads\\\/2024\\\/08\\\/logo-Horizontal-blanc-scaled.png\",\"width\":2560,\"height\":1172,\"caption\":\"M\u00e9t\u00e9o974\"},\"image\":{\"@id\":\"http:\\\/\\\/meteo974.fr\\\/#\\\/schema\\\/logo\\\/image\\\/\"}},{\"@type\":\"Person\",\"@id\":\"http:\\\/\\\/meteo974.fr\\\/#\\\/schema\\\/person\\\/4fa1c831e36bb8011f6eddbd5dabd9c4\",\"name\":\"Fr\u00e9d\u00e9ric Decker\",\"image\":{\"@type\":\"ImageObject\",\"inLanguage\":\"fr-FR\",\"@id\":\"https:\\\/\\\/secure.gravatar.com\\\/avatar\\\/f468fb323f230eb667b17592796cc910b4c519ad009fc1b1cd77030c7d928123?s=96&d=mm&r=g\",\"url\":\"https:\\\/\\\/secure.gravatar.com\\\/avatar\\\/f468fb323f230eb667b17592796cc910b4c519ad009fc1b1cd77030c7d928123?s=96&d=mm&r=g\",\"contentUrl\":\"https:\\\/\\\/secure.gravatar.com\\\/avatar\\\/f468fb323f230eb667b17592796cc910b4c519ad009fc1b1cd77030c7d928123?s=96&d=mm&r=g\",\"caption\":\"Fr\u00e9d\u00e9ric Decker\"},\"sameAs\":[\"http:\\\/\\\/www.meteo974.fr\"],\"url\":\"http:\\\/\\\/meteo974.fr\\\/?author=2\"}]}<\/script>\n<!-- \/ Yoast SEO plugin. -->","yoast_head_json":{"title":"Un mot sur la temp\u00eate tropicale BLOSSOM - M\u00e9t\u00e9o974","robots":{"index":"index","follow":"follow","max-snippet":"max-snippet:-1","max-image-preview":"max-image-preview:large","max-video-preview":"max-video-preview:-1"},"canonical":"https:\/\/meteo974.fr\/?p=6294","og_locale":"fr_FR","og_type":"article","og_title":"Un mot sur la temp\u00eate tropicale BLOSSOM - M\u00e9t\u00e9o974","og_description":"Un mot suffirait presque tant le ph\u00e9nom\u00e8ne s'annonce anecdotique dans l'oc\u00e9an Indien, sans la moindre influence sur les Mascareignes ou d'autres lieux habit\u00e9s. Un feu de paille en somme...","og_url":"https:\/\/meteo974.fr\/?p=6294","og_site_name":"M\u00e9t\u00e9o974","article_published_time":"2025-09-11T13:56:00+00:00","article_modified_time":"2025-09-12T06:32:36+00:00","og_image":[{"width":1024,"height":653,"url":"https:\/\/meteo974.fr\/wp-content\/uploads\/2025\/09\/blossom20250911-1024x653.png","type":"image\/png"}],"author":"Fr\u00e9d\u00e9ric Decker","twitter_card":"summary_large_image","twitter_misc":{"\u00c9crit par":"Fr\u00e9d\u00e9ric Decker","Dur\u00e9e de lecture estim\u00e9e":"2 minutes"},"schema":{"@context":"https:\/\/schema.org","@graph":[{"@type":"Article","@id":"https:\/\/meteo974.fr\/?p=6294#article","isPartOf":{"@id":"https:\/\/meteo974.fr\/?p=6294"},"author":{"name":"Fr\u00e9d\u00e9ric Decker","@id":"http:\/\/meteo974.fr\/#\/schema\/person\/4fa1c831e36bb8011f6eddbd5dabd9c4"},"headline":"Un mot sur la temp\u00eate tropicale BLOSSOM","datePublished":"2025-09-11T13:56:00+00:00","dateModified":"2025-09-12T06:32:36+00:00","mainEntityOfPage":{"@id":"https:\/\/meteo974.fr\/?p=6294"},"wordCount":156,"publisher":{"@id":"http:\/\/meteo974.fr\/#organization"},"image":{"@id":"https:\/\/meteo974.fr\/?p=6294#primaryimage"},"thumbnailUrl":"http:\/\/meteo974.fr\/wp-content\/uploads\/2025\/09\/blossom20250911.png","keywords":["Blossom","Ciel","Climat","cyclone","la R\u00e9union","M\u00e9t\u00e9o","Oc\u00e9an Indien","Saint Benoit","Saint Denis","Saint Paul","Saint Philippe","Sainte Rose","Savanne","Soleil","Temp\u00eate tropicale"],"articleSection":["Climat","Meteo","Oc\u00e9an"],"inLanguage":"fr-FR"},{"@type":"WebPage","@id":"https:\/\/meteo974.fr\/?p=6294","url":"https:\/\/meteo974.fr\/?p=6294","name":"Un mot sur la temp\u00eate tropicale BLOSSOM - M\u00e9t\u00e9o974","isPartOf":{"@id":"http:\/\/meteo974.fr\/#website"},"primaryImageOfPage":{"@id":"https:\/\/meteo974.fr\/?p=6294#primaryimage"},"image":{"@id":"https:\/\/meteo974.fr\/?p=6294#primaryimage"},"thumbnailUrl":"http:\/\/meteo974.fr\/wp-content\/uploads\/2025\/09\/blossom20250911.png","datePublished":"2025-09-11T13:56:00+00:00","dateModified":"2025-09-12T06:32:36+00:00","breadcrumb":{"@id":"https:\/\/meteo974.fr\/?p=6294#breadcrumb"},"inLanguage":"fr-FR","potentialAction":[{"@type":"ReadAction","target":["https:\/\/meteo974.fr\/?p=6294"]}]},{"@type":"ImageObject","inLanguage":"fr-FR","@id":"https:\/\/meteo974.fr\/?p=6294#primaryimage","url":"http:\/\/meteo974.fr\/wp-content\/uploads\/2025\/09\/blossom20250911.png","contentUrl":"http:\/\/meteo974.fr\/wp-content\/uploads\/2025\/09\/blossom20250911.png","width":1346,"height":858},{"@type":"BreadcrumbList","@id":"https:\/\/meteo974.fr\/?p=6294#breadcrumb","itemListElement":[{"@type":"ListItem","position":1,"name":"Accueil","item":"http:\/\/meteo974.fr\/"},{"@type":"ListItem","position":2,"name":"Un mot sur la temp\u00eate tropicale BLOSSOM"}]},{"@type":"WebSite","@id":"http:\/\/meteo974.fr\/#website","url":"http:\/\/meteo974.fr\/","name":"M\u00e9t\u00e9o974","description":"Pr\u00e9voir, prot\u00e9ger, pr\u00e9server","publisher":{"@id":"http:\/\/meteo974.fr\/#organization"},"potentialAction":[{"@type":"SearchAction","target":{"@type":"EntryPoint","urlTemplate":"http:\/\/meteo974.fr\/?s={search_term_string}"},"query-input":{"@type":"PropertyValueSpecification","valueRequired":true,"valueName":"search_term_string"}}],"inLanguage":"fr-FR"},{"@type":"Organization","@id":"http:\/\/meteo974.fr\/#organization","name":"M\u00e9t\u00e9o974","url":"http:\/\/meteo974.fr\/","logo":{"@type":"ImageObject","inLanguage":"fr-FR","@id":"http:\/\/meteo974.fr\/#\/schema\/logo\/image\/","url":"http:\/\/meteo974.fr\/wp-content\/uploads\/2024\/08\/logo-Horizontal-blanc-scaled.png","contentUrl":"http:\/\/meteo974.fr\/wp-content\/uploads\/2024\/08\/logo-Horizontal-blanc-scaled.png","width":2560,"height":1172,"caption":"M\u00e9t\u00e9o974"},"image":{"@id":"http:\/\/meteo974.fr\/#\/schema\/logo\/image\/"}},{"@type":"Person","@id":"http:\/\/meteo974.fr\/#\/schema\/person\/4fa1c831e36bb8011f6eddbd5dabd9c4","name":"Fr\u00e9d\u00e9ric Decker","image":{"@type":"ImageObject","inLanguage":"fr-FR","@id":"https:\/\/secure.gravatar.com\/avatar\/f468fb323f230eb667b17592796cc910b4c519ad009fc1b1cd77030c7d928123?s=96&d=mm&r=g","url":"https:\/\/secure.gravatar.com\/avatar\/f468fb323f230eb667b17592796cc910b4c519ad009fc1b1cd77030c7d928123?s=96&d=mm&r=g","contentUrl":"https:\/\/secure.gravatar.com\/avatar\/f468fb323f230eb667b17592796cc910b4c519ad009fc1b1cd77030c7d928123?s=96&d=mm&r=g","caption":"Fr\u00e9d\u00e9ric Decker"},"sameAs":["http:\/\/www.meteo974.fr"],"url":"http:\/\/meteo974.fr\/?author=2"}]}},"_links":{"self":[{"href":"http:\/\/meteo974.fr\/index.php?rest_route=\/wp\/v2\/posts\/6294","targetHints":{"allow":["GET"]}}],"collection":[{"href":"http:\/\/meteo974.fr\/index.php?rest_route=\/wp\/v2\/posts"}],"about":[{"href":"http:\/\/meteo974.fr\/index.php?rest_route=\/wp\/v2\/types\/post"}],"author":[{"embeddable":true,"href":"http:\/\/meteo974.fr\/index.php?rest_route=\/wp\/v2\/users\/2"}],"replies":[{"embeddable":true,"href":"http:\/\/meteo974.fr\/index.php?rest_route=%2Fwp%2Fv2%2Fcomments&post=6294"}],"version-history":[{"count":2,"href":"http:\/\/meteo974.fr\/index.php?rest_route=\/wp\/v2\/posts\/6294\/revisions"}],"predecessor-version":[{"id":6324,"href":"http:\/\/meteo974.fr\/index.php?rest_route=\/wp\/v2\/posts\/6294\/revisions\/6324"}],"wp:featuredmedia":[{"embeddable":true,"href":"http:\/\/meteo974.fr\/index.php?rest_route=\/wp\/v2\/media\/6295"}],"wp:attachment":[{"href":"http:\/\/meteo974.fr\/index.php?rest_route=%2Fwp%2Fv2%2Fmedia&parent=6294"}],"wp:term":[{"taxonomy":"category","embeddable":true,"href":"http:\/\/meteo974.fr\/index.php?rest_route=%2Fwp%2Fv2%2Fcategories&post=6294"},{"taxonomy":"post_tag","embeddable":true,"href":"http:\/\/meteo974.fr\/index.php?rest_route=%2Fwp%2Fv2%2Ftags&post=6294"}],"curies":[{"name":"wp","href":"https:\/\/api.w.org\/{rel}","templated":true}]}}