{"id":6286,"date":"2025-09-06T14:37:13","date_gmt":"2025-09-06T10:37:13","guid":{"rendered":"https:\/\/meteo974.fr\/?p=6286"},"modified":"2025-09-06T14:37:15","modified_gmt":"2025-09-06T10:37:15","slug":"eclipse-totale-de-lune-dimanche-soir","status":"publish","type":"post","link":"http:\/\/meteo974.fr\/?p=6286","title":{"rendered":"Eclipse totale de Lune dimanche soir"},"content":{"rendered":"\n<div class=\"wp-block-cover\" style=\"margin-top:32px;margin-bottom:32px\"><img fetchpriority=\"high\" decoding=\"async\" width=\"1280\" height=\"853\" class=\"wp-block-cover__image-background wp-image-6287 size-full\" alt=\"\" src=\"https:\/\/meteo974.fr\/wp-content\/uploads\/2025\/09\/moon-4486104_1280-copie.png\" data-object-fit=\"cover\" srcset=\"http:\/\/meteo974.fr\/wp-content\/uploads\/2025\/09\/moon-4486104_1280-copie.png 1280w, http:\/\/meteo974.fr\/wp-content\/uploads\/2025\/09\/moon-4486104_1280-copie-300x200.png 300w, http:\/\/meteo974.fr\/wp-content\/uploads\/2025\/09\/moon-4486104_1280-copie-1024x682.png 1024w, http:\/\/meteo974.fr\/wp-content\/uploads\/2025\/09\/moon-4486104_1280-copie-768x512.png 768w\" sizes=\"(max-width: 1280px) 100vw, 1280px\" \/><span aria-hidden=\"true\" class=\"wp-block-cover__background has-background-dim\" style=\"background-color:#979ea6\"><\/span><div class=\"wp-block-cover__inner-container is-layout-flow wp-block-cover-is-layout-flow\">\n<h2 class=\"wp-block-heading has-text-align-center has-large-font-size\"><strong>Eclipse totale de Lune dimanche soir<\/strong><\/h2>\n<\/div><\/div>\n\n\n\n<p>Une superbe \u00e9clipse totale de Lune sera enti\u00e8rement visible depuis l&rsquo;ensemble de l&rsquo;\u00eele de la R\u00e9union le soir du dimanche 7 septembre.<\/p>\n\n\n\n<div class=\"wp-block-columns are-vertically-aligned-center is-layout-flex wp-container-core-columns-is-layout-28f84493 wp-block-columns-is-layout-flex\">\n<div class=\"wp-block-column is-vertically-aligned-center is-layout-flow wp-block-column-is-layout-flow\">\n<figure class=\"wp-block-image size-full has-custom-border\"><img decoding=\"async\" width=\"1081\" height=\"582\" src=\"https:\/\/meteo974.fr\/wp-content\/uploads\/2025\/09\/542752157_1385970076862191_6387186291138912364_n-copie.png\" alt=\"\" class=\"wp-image-6288\" style=\"border-radius:12px\" srcset=\"http:\/\/meteo974.fr\/wp-content\/uploads\/2025\/09\/542752157_1385970076862191_6387186291138912364_n-copie.png 1081w, http:\/\/meteo974.fr\/wp-content\/uploads\/2025\/09\/542752157_1385970076862191_6387186291138912364_n-copie-300x162.png 300w, http:\/\/meteo974.fr\/wp-content\/uploads\/2025\/09\/542752157_1385970076862191_6387186291138912364_n-copie-1024x551.png 1024w, http:\/\/meteo974.fr\/wp-content\/uploads\/2025\/09\/542752157_1385970076862191_6387186291138912364_n-copie-768x413.png 768w\" sizes=\"(max-width: 1081px) 100vw, 1081px\" \/><\/figure>\n\n\n\n<p>Sch\u00e9ma <a href=\"https:\/\/www.facebook.com\/assoaar?__cft__[0]=AZV230SXgrlypJ3W_fP-dFWSc0lmK2iP6lTf5fM3vUGAK9IYYhWqPvHEwP2EjR_SIU_WmK6RzmIPQEwbikY3H4hqrYKB3UoedaC3c1YXOJXA6UAx4_HayuCFIpGIPrApHhjVT5LviD-eYOfsEAv-4bXdWBH_R6e3NK1bEqQCkseIoQtEsyqqP5MloIh5cl3F7h0N4t1Q6m_xSqOBe39509gt83VD5829DbNFKwArEcTgFd-atHQ_nz-nXxa1pt6MV25B_OW543rmyP9TvfPA9p0A&amp;__tn__=-UC*F\">A.A.R association astronomique de la R\u00e9union<\/a><\/p>\n<\/div>\n\n\n\n<div class=\"wp-block-column is-vertically-aligned-center is-layout-flow wp-block-column-is-layout-flow\">\n<p>Le ph\u00e9nom\u00e8ne commencera vers 19h30 et sera \u00e0 son maximum \u00e0 22h11. Lors de la totalit\u00e9, la Lune va se parer d&rsquo;une belle couleur rouge.<\/p>\n\n\n\n<p>L&rsquo;\u00e9clipse sera facilement observable par tous, \u00e0 l\u2019\u0153il nu et aux instruments, d&rsquo;autant que le ciel s&rsquo;annonce g\u00e9n\u00e9ralement bien d\u00e9gag\u00e9 ou \u00e0 peine voil\u00e9 (<a href=\"https:\/\/meteo974.fr\/?p=931\">voir les pr\u00e9visions de Meteo974.fr<\/a>)&#8230; ne la manquez pas ! Aucune protection n&rsquo;est n\u00e9cessaire.<\/p>\n\n\n\n<p>Une \u00e9clipse de Lune est la\u00a0<strong>disparition partielle ou totale de la Lune dans l&rsquo;ombre de la Terre<\/strong>. Elle se produit lorsque la Terre, la Lune et le Soleil sont align\u00e9s. On observe de z\u00e9ro \u00e0 trois \u00e9clipses de Lune par an, qui peuvent durer jusqu&rsquo;\u00e0 deux heures pour les \u00e9clipses totales.<\/p>\n\n\n\n<p>Non seulement la Lune doit \u00eatre align\u00e9e avec le Soleil et la Terre, mais elle doit \u00eatre oppos\u00e9e au Soleil, donc en phase de Pleine Lune. La Pleine Lune n\u2019ayant g\u00e9n\u00e9ralement pas lieu quand la Lune traverse l\u2019\u00e9cliptique, il n\u2019y a pas \u00e9clipse de Lune \u00e0 chaque Pleine Lune.<\/p>\n<\/div>\n<\/div>\n\n\n\n<div class=\"wp-block-columns are-vertically-aligned-center is-layout-flex wp-container-core-columns-is-layout-a5331a9e wp-block-columns-is-layout-flex\" style=\"padding-top:0;padding-right:0;padding-bottom:0;padding-left:0\">\n<div class=\"wp-block-column is-vertically-aligned-center is-layout-flow wp-block-column-is-layout-flow\" style=\"flex-basis:15%\">\n<p class=\"has-text-align-left\"><strong><mark style=\"background-color:rgba(0, 0, 0, 0);color:#0b0e4f\" class=\"has-inline-color\">Cat\u00e9gories<\/mark><\/strong><\/p>\n<\/div>\n\n\n\n<div class=\"wp-block-column is-vertically-aligned-center has-text-color has-link-color wp-elements-f7e1b2246115720c497f5c40769fcee1 is-layout-flow wp-block-column-is-layout-flow\" style=\"color:#59d49c;flex-basis:66.66%\"><div style=\"padding-right:0;padding-left:0;padding-top:var(--wp--preset--spacing--50);padding-bottom:var(--wp--preset--spacing--50)\" class=\"taxonomy-post_tag wp-block-post-terms\"><a href=\"http:\/\/meteo974.fr\/?tag=ciel\" rel=\"tag\">Ciel<\/a><span class=\"wp-block-post-terms__separator\"> | <\/span><a href=\"http:\/\/meteo974.fr\/?tag=eclipse\" rel=\"tag\">Eclipse<\/a><span class=\"wp-block-post-terms__separator\"> | <\/span><a href=\"http:\/\/meteo974.fr\/?tag=la-reunion\" rel=\"tag\">la R\u00e9union<\/a><span class=\"wp-block-post-terms__separator\"> | <\/span><a href=\"http:\/\/meteo974.fr\/?tag=lune\" rel=\"tag\">Lune<\/a><span class=\"wp-block-post-terms__separator\"> | <\/span><a href=\"http:\/\/meteo974.fr\/?tag=meteo\" rel=\"tag\">M\u00e9t\u00e9o<\/a><span class=\"wp-block-post-terms__separator\"> | <\/span><a href=\"http:\/\/meteo974.fr\/?tag=ocean-indien\" rel=\"tag\">Oc\u00e9an Indien<\/a><span class=\"wp-block-post-terms__separator\"> | <\/span><a href=\"http:\/\/meteo974.fr\/?tag=saint-benoit\" rel=\"tag\">Saint Benoit<\/a><span class=\"wp-block-post-terms__separator\"> | <\/span><a href=\"http:\/\/meteo974.fr\/?tag=saint-denis\" rel=\"tag\">Saint Denis<\/a><span class=\"wp-block-post-terms__separator\"> | <\/span><a href=\"http:\/\/meteo974.fr\/?tag=saint-paul\" rel=\"tag\">Saint Paul<\/a><span class=\"wp-block-post-terms__separator\"> | <\/span><a href=\"http:\/\/meteo974.fr\/?tag=saint-philippe\" rel=\"tag\">Saint Philippe<\/a><span class=\"wp-block-post-terms__separator\"> | <\/span><a href=\"http:\/\/meteo974.fr\/?tag=sainte-rose\" rel=\"tag\">Sainte Rose<\/a><span class=\"wp-block-post-terms__separator\"> | <\/span><a href=\"http:\/\/meteo974.fr\/?tag=savanne\" rel=\"tag\">Savanne<\/a><span class=\"wp-block-post-terms__separator\"> | <\/span><a href=\"http:\/\/meteo974.fr\/?tag=soleil\" rel=\"tag\">Soleil<\/a><\/div><\/div>\n<\/div>\n\n\n\n<hr class=\"wp-block-separator has-alpha-channel-opacity is-style-wide\" style=\"margin-top:2rem;margin-bottom:2rem\"\/>\n\n\n\n<p><\/p>\n","protected":false},"excerpt":{"rendered":"<p>Une superbe \u00e9clipse totale de Lune sera enti\u00e8rement visible depuis l&rsquo;ensemble de l&rsquo;\u00eele de la R\u00e9union le soir du dimanche 7 septembre.<\/p>\n","protected":false},"author":2,"featured_media":6287,"comment_status":"closed","ping_status":"open","sticky":false,"template":"","format":"standard","meta":{"site-sidebar-layout":"default","site-content-layout":"","ast-site-content-layout":"","site-content-style":"default","site-sidebar-style":"default","ast-global-header-display":"","ast-banner-title-visibility":"","ast-main-header-display":"","ast-hfb-above-header-display":"","ast-hfb-below-header-display":"","ast-hfb-mobile-header-display":"","site-post-title":"disabled","ast-breadcrumbs-content":"","ast-featured-img":"","footer-sml-layout":"","theme-transparent-header-meta":"","adv-header-id-meta":"","stick-header-meta":"","header-above-stick-meta":"","header-main-stick-meta":"","header-below-stick-meta":"","astra-migrate-meta-layouts":"default","ast-page-background-enabled":"default","ast-page-background-meta":{"desktop":{"background-color":"var(--ast-global-color-4)","background-image":"","background-repeat":"repeat","background-position":"center center","background-size":"auto","background-attachment":"scroll","background-type":"","background-media":"","overlay-type":"","overlay-color":"","overlay-opacity":"","overlay-gradient":""},"tablet":{"background-color":"","background-image":"","background-repeat":"repeat","background-position":"center center","background-size":"auto","background-attachment":"scroll","background-type":"","background-media":"","overlay-type":"","overlay-color":"","overlay-opacity":"","overlay-gradient":""},"mobile":{"background-color":"","background-image":"","background-repeat":"repeat","background-position":"center center","background-size":"auto","background-attachment":"scroll","background-type":"","background-media":"","overlay-type":"","overlay-color":"","overlay-opacity":"","overlay-gradient":""}},"ast-content-background-meta":{"desktop":{"background-color":"var(--ast-global-color-5)","background-image":"","background-repeat":"repeat","background-position":"center center","background-size":"auto","background-attachment":"scroll","background-type":"","background-media":"","overlay-type":"","overlay-color":"","overlay-opacity":"","overlay-gradient":""},"tablet":{"background-color":"var(--ast-global-color-5)","background-image":"","background-repeat":"repeat","background-position":"center center","background-size":"auto","background-attachment":"scroll","background-type":"","background-media":"","overlay-type":"","overlay-color":"","overlay-opacity":"","overlay-gradient":""},"mobile":{"background-color":"var(--ast-global-color-5)","background-image":"","background-repeat":"repeat","background-position":"center center","background-size":"auto","background-attachment":"scroll","background-type":"","background-media":"","overlay-type":"","overlay-color":"","overlay-opacity":"","overlay-gradient":""}},"footnotes":""},"categories":[4,8,5],"tags":[69,129,44,128,61,52,108,102,80,106,107,79,66],"class_list":["post-6286","post","type-post","status-publish","format-standard","has-post-thumbnail","hentry","category-climat","category-meteo","category-ocean","tag-ciel","tag-eclipse","tag-la-reunion","tag-lune","tag-meteo","tag-ocean-indien","tag-saint-benoit","tag-saint-denis","tag-saint-paul","tag-saint-philippe","tag-sainte-rose","tag-savanne","tag-soleil"],"yoast_head":"<!-- This site is optimized with the Yoast SEO plugin v27.5 - https:\/\/yoast.com\/product\/yoast-seo-wordpress\/ -->\n<title>Eclipse totale de Lune dimanche soir - M\u00e9t\u00e9o974<\/title>\n<meta name=\"robots\" content=\"index, follow, max-snippet:-1, max-image-preview:large, max-video-preview:-1\" \/>\n<link rel=\"canonical\" href=\"http:\/\/meteo974.fr\/?p=6286\" \/>\n<meta property=\"og:locale\" content=\"fr_FR\" \/>\n<meta property=\"og:type\" content=\"article\" \/>\n<meta property=\"og:title\" content=\"Eclipse totale de Lune dimanche soir - M\u00e9t\u00e9o974\" \/>\n<meta property=\"og:description\" content=\"Une superbe \u00e9clipse totale de Lune sera enti\u00e8rement visible depuis l&#039;ensemble de l&#039;\u00eele de la R\u00e9union le soir du dimanche 7 septembre.\" \/>\n<meta property=\"og:url\" content=\"http:\/\/meteo974.fr\/?p=6286\" \/>\n<meta property=\"og:site_name\" content=\"M\u00e9t\u00e9o974\" \/>\n<meta property=\"article:published_time\" content=\"2025-09-06T10:37:13+00:00\" \/>\n<meta property=\"article:modified_time\" content=\"2025-09-06T10:37:15+00:00\" \/>\n<meta property=\"og:image\" content=\"http:\/\/meteo974.fr\/wp-content\/uploads\/2025\/09\/moon-4486104_1280-copie.png\" \/>\n\t<meta property=\"og:image:width\" content=\"1280\" \/>\n\t<meta property=\"og:image:height\" content=\"853\" \/>\n\t<meta property=\"og:image:type\" content=\"image\/png\" \/>\n<meta name=\"author\" content=\"Fr\u00e9d\u00e9ric Decker\" \/>\n<meta name=\"twitter:card\" content=\"summary_large_image\" \/>\n<meta name=\"twitter:label1\" content=\"\u00c9crit par\" \/>\n\t<meta name=\"twitter:data1\" content=\"Fr\u00e9d\u00e9ric Decker\" \/>\n\t<meta name=\"twitter:label2\" content=\"Dur\u00e9e de lecture estim\u00e9e\" \/>\n\t<meta name=\"twitter:data2\" content=\"2 minutes\" \/>\n<script type=\"application\/ld+json\" class=\"yoast-schema-graph\">{\"@context\":\"https:\\\/\\\/schema.org\",\"@graph\":[{\"@type\":\"Article\",\"@id\":\"http:\\\/\\\/meteo974.fr\\\/?p=6286#article\",\"isPartOf\":{\"@id\":\"http:\\\/\\\/meteo974.fr\\\/?p=6286\"},\"author\":{\"name\":\"Fr\u00e9d\u00e9ric Decker\",\"@id\":\"http:\\\/\\\/meteo974.fr\\\/#\\\/schema\\\/person\\\/4fa1c831e36bb8011f6eddbd5dabd9c4\"},\"headline\":\"Eclipse totale de Lune dimanche soir\",\"datePublished\":\"2025-09-06T10:37:13+00:00\",\"dateModified\":\"2025-09-06T10:37:15+00:00\",\"mainEntityOfPage\":{\"@id\":\"http:\\\/\\\/meteo974.fr\\\/?p=6286\"},\"wordCount\":225,\"publisher\":{\"@id\":\"http:\\\/\\\/meteo974.fr\\\/#organization\"},\"image\":{\"@id\":\"http:\\\/\\\/meteo974.fr\\\/?p=6286#primaryimage\"},\"thumbnailUrl\":\"http:\\\/\\\/meteo974.fr\\\/wp-content\\\/uploads\\\/2025\\\/09\\\/moon-4486104_1280-copie.png\",\"keywords\":[\"Ciel\",\"Eclipse\",\"la R\u00e9union\",\"Lune\",\"M\u00e9t\u00e9o\",\"Oc\u00e9an Indien\",\"Saint Benoit\",\"Saint Denis\",\"Saint Paul\",\"Saint Philippe\",\"Sainte Rose\",\"Savanne\",\"Soleil\"],\"articleSection\":[\"Climat\",\"Meteo\",\"Oc\u00e9an\"],\"inLanguage\":\"fr-FR\"},{\"@type\":\"WebPage\",\"@id\":\"http:\\\/\\\/meteo974.fr\\\/?p=6286\",\"url\":\"http:\\\/\\\/meteo974.fr\\\/?p=6286\",\"name\":\"Eclipse totale de Lune dimanche soir - M\u00e9t\u00e9o974\",\"isPartOf\":{\"@id\":\"http:\\\/\\\/meteo974.fr\\\/#website\"},\"primaryImageOfPage\":{\"@id\":\"http:\\\/\\\/meteo974.fr\\\/?p=6286#primaryimage\"},\"image\":{\"@id\":\"http:\\\/\\\/meteo974.fr\\\/?p=6286#primaryimage\"},\"thumbnailUrl\":\"http:\\\/\\\/meteo974.fr\\\/wp-content\\\/uploads\\\/2025\\\/09\\\/moon-4486104_1280-copie.png\",\"datePublished\":\"2025-09-06T10:37:13+00:00\",\"dateModified\":\"2025-09-06T10:37:15+00:00\",\"breadcrumb\":{\"@id\":\"http:\\\/\\\/meteo974.fr\\\/?p=6286#breadcrumb\"},\"inLanguage\":\"fr-FR\",\"potentialAction\":[{\"@type\":\"ReadAction\",\"target\":[\"http:\\\/\\\/meteo974.fr\\\/?p=6286\"]}]},{\"@type\":\"ImageObject\",\"inLanguage\":\"fr-FR\",\"@id\":\"http:\\\/\\\/meteo974.fr\\\/?p=6286#primaryimage\",\"url\":\"http:\\\/\\\/meteo974.fr\\\/wp-content\\\/uploads\\\/2025\\\/09\\\/moon-4486104_1280-copie.png\",\"contentUrl\":\"http:\\\/\\\/meteo974.fr\\\/wp-content\\\/uploads\\\/2025\\\/09\\\/moon-4486104_1280-copie.png\",\"width\":1280,\"height\":853},{\"@type\":\"BreadcrumbList\",\"@id\":\"http:\\\/\\\/meteo974.fr\\\/?p=6286#breadcrumb\",\"itemListElement\":[{\"@type\":\"ListItem\",\"position\":1,\"name\":\"Accueil\",\"item\":\"http:\\\/\\\/meteo974.fr\\\/\"},{\"@type\":\"ListItem\",\"position\":2,\"name\":\"Eclipse totale de Lune dimanche soir\"}]},{\"@type\":\"WebSite\",\"@id\":\"http:\\\/\\\/meteo974.fr\\\/#website\",\"url\":\"http:\\\/\\\/meteo974.fr\\\/\",\"name\":\"M\u00e9t\u00e9o974\",\"description\":\"Pr\u00e9voir, prot\u00e9ger, pr\u00e9server\",\"publisher\":{\"@id\":\"http:\\\/\\\/meteo974.fr\\\/#organization\"},\"potentialAction\":[{\"@type\":\"SearchAction\",\"target\":{\"@type\":\"EntryPoint\",\"urlTemplate\":\"http:\\\/\\\/meteo974.fr\\\/?s={search_term_string}\"},\"query-input\":{\"@type\":\"PropertyValueSpecification\",\"valueRequired\":true,\"valueName\":\"search_term_string\"}}],\"inLanguage\":\"fr-FR\"},{\"@type\":\"Organization\",\"@id\":\"http:\\\/\\\/meteo974.fr\\\/#organization\",\"name\":\"M\u00e9t\u00e9o974\",\"url\":\"http:\\\/\\\/meteo974.fr\\\/\",\"logo\":{\"@type\":\"ImageObject\",\"inLanguage\":\"fr-FR\",\"@id\":\"http:\\\/\\\/meteo974.fr\\\/#\\\/schema\\\/logo\\\/image\\\/\",\"url\":\"http:\\\/\\\/meteo974.fr\\\/wp-content\\\/uploads\\\/2024\\\/08\\\/logo-Horizontal-blanc-scaled.png\",\"contentUrl\":\"http:\\\/\\\/meteo974.fr\\\/wp-content\\\/uploads\\\/2024\\\/08\\\/logo-Horizontal-blanc-scaled.png\",\"width\":2560,\"height\":1172,\"caption\":\"M\u00e9t\u00e9o974\"},\"image\":{\"@id\":\"http:\\\/\\\/meteo974.fr\\\/#\\\/schema\\\/logo\\\/image\\\/\"}},{\"@type\":\"Person\",\"@id\":\"http:\\\/\\\/meteo974.fr\\\/#\\\/schema\\\/person\\\/4fa1c831e36bb8011f6eddbd5dabd9c4\",\"name\":\"Fr\u00e9d\u00e9ric Decker\",\"image\":{\"@type\":\"ImageObject\",\"inLanguage\":\"fr-FR\",\"@id\":\"https:\\\/\\\/secure.gravatar.com\\\/avatar\\\/f468fb323f230eb667b17592796cc910b4c519ad009fc1b1cd77030c7d928123?s=96&d=mm&r=g\",\"url\":\"https:\\\/\\\/secure.gravatar.com\\\/avatar\\\/f468fb323f230eb667b17592796cc910b4c519ad009fc1b1cd77030c7d928123?s=96&d=mm&r=g\",\"contentUrl\":\"https:\\\/\\\/secure.gravatar.com\\\/avatar\\\/f468fb323f230eb667b17592796cc910b4c519ad009fc1b1cd77030c7d928123?s=96&d=mm&r=g\",\"caption\":\"Fr\u00e9d\u00e9ric Decker\"},\"sameAs\":[\"http:\\\/\\\/www.meteo974.fr\"],\"url\":\"http:\\\/\\\/meteo974.fr\\\/?author=2\"}]}<\/script>\n<!-- \/ Yoast SEO plugin. -->","yoast_head_json":{"title":"Eclipse totale de Lune dimanche soir - M\u00e9t\u00e9o974","robots":{"index":"index","follow":"follow","max-snippet":"max-snippet:-1","max-image-preview":"max-image-preview:large","max-video-preview":"max-video-preview:-1"},"canonical":"http:\/\/meteo974.fr\/?p=6286","og_locale":"fr_FR","og_type":"article","og_title":"Eclipse totale de Lune dimanche soir - M\u00e9t\u00e9o974","og_description":"Une superbe \u00e9clipse totale de Lune sera enti\u00e8rement visible depuis l'ensemble de l'\u00eele de la R\u00e9union le soir du dimanche 7 septembre.","og_url":"http:\/\/meteo974.fr\/?p=6286","og_site_name":"M\u00e9t\u00e9o974","article_published_time":"2025-09-06T10:37:13+00:00","article_modified_time":"2025-09-06T10:37:15+00:00","og_image":[{"width":1280,"height":853,"url":"http:\/\/meteo974.fr\/wp-content\/uploads\/2025\/09\/moon-4486104_1280-copie.png","type":"image\/png"}],"author":"Fr\u00e9d\u00e9ric Decker","twitter_card":"summary_large_image","twitter_misc":{"\u00c9crit par":"Fr\u00e9d\u00e9ric Decker","Dur\u00e9e de lecture estim\u00e9e":"2 minutes"},"schema":{"@context":"https:\/\/schema.org","@graph":[{"@type":"Article","@id":"http:\/\/meteo974.fr\/?p=6286#article","isPartOf":{"@id":"http:\/\/meteo974.fr\/?p=6286"},"author":{"name":"Fr\u00e9d\u00e9ric Decker","@id":"http:\/\/meteo974.fr\/#\/schema\/person\/4fa1c831e36bb8011f6eddbd5dabd9c4"},"headline":"Eclipse totale de Lune dimanche soir","datePublished":"2025-09-06T10:37:13+00:00","dateModified":"2025-09-06T10:37:15+00:00","mainEntityOfPage":{"@id":"http:\/\/meteo974.fr\/?p=6286"},"wordCount":225,"publisher":{"@id":"http:\/\/meteo974.fr\/#organization"},"image":{"@id":"http:\/\/meteo974.fr\/?p=6286#primaryimage"},"thumbnailUrl":"http:\/\/meteo974.fr\/wp-content\/uploads\/2025\/09\/moon-4486104_1280-copie.png","keywords":["Ciel","Eclipse","la R\u00e9union","Lune","M\u00e9t\u00e9o","Oc\u00e9an Indien","Saint Benoit","Saint Denis","Saint Paul","Saint Philippe","Sainte Rose","Savanne","Soleil"],"articleSection":["Climat","Meteo","Oc\u00e9an"],"inLanguage":"fr-FR"},{"@type":"WebPage","@id":"http:\/\/meteo974.fr\/?p=6286","url":"http:\/\/meteo974.fr\/?p=6286","name":"Eclipse totale de Lune dimanche soir - M\u00e9t\u00e9o974","isPartOf":{"@id":"http:\/\/meteo974.fr\/#website"},"primaryImageOfPage":{"@id":"http:\/\/meteo974.fr\/?p=6286#primaryimage"},"image":{"@id":"http:\/\/meteo974.fr\/?p=6286#primaryimage"},"thumbnailUrl":"http:\/\/meteo974.fr\/wp-content\/uploads\/2025\/09\/moon-4486104_1280-copie.png","datePublished":"2025-09-06T10:37:13+00:00","dateModified":"2025-09-06T10:37:15+00:00","breadcrumb":{"@id":"http:\/\/meteo974.fr\/?p=6286#breadcrumb"},"inLanguage":"fr-FR","potentialAction":[{"@type":"ReadAction","target":["http:\/\/meteo974.fr\/?p=6286"]}]},{"@type":"ImageObject","inLanguage":"fr-FR","@id":"http:\/\/meteo974.fr\/?p=6286#primaryimage","url":"http:\/\/meteo974.fr\/wp-content\/uploads\/2025\/09\/moon-4486104_1280-copie.png","contentUrl":"http:\/\/meteo974.fr\/wp-content\/uploads\/2025\/09\/moon-4486104_1280-copie.png","width":1280,"height":853},{"@type":"BreadcrumbList","@id":"http:\/\/meteo974.fr\/?p=6286#breadcrumb","itemListElement":[{"@type":"ListItem","position":1,"name":"Accueil","item":"http:\/\/meteo974.fr\/"},{"@type":"ListItem","position":2,"name":"Eclipse totale de Lune dimanche soir"}]},{"@type":"WebSite","@id":"http:\/\/meteo974.fr\/#website","url":"http:\/\/meteo974.fr\/","name":"M\u00e9t\u00e9o974","description":"Pr\u00e9voir, prot\u00e9ger, pr\u00e9server","publisher":{"@id":"http:\/\/meteo974.fr\/#organization"},"potentialAction":[{"@type":"SearchAction","target":{"@type":"EntryPoint","urlTemplate":"http:\/\/meteo974.fr\/?s={search_term_string}"},"query-input":{"@type":"PropertyValueSpecification","valueRequired":true,"valueName":"search_term_string"}}],"inLanguage":"fr-FR"},{"@type":"Organization","@id":"http:\/\/meteo974.fr\/#organization","name":"M\u00e9t\u00e9o974","url":"http:\/\/meteo974.fr\/","logo":{"@type":"ImageObject","inLanguage":"fr-FR","@id":"http:\/\/meteo974.fr\/#\/schema\/logo\/image\/","url":"http:\/\/meteo974.fr\/wp-content\/uploads\/2024\/08\/logo-Horizontal-blanc-scaled.png","contentUrl":"http:\/\/meteo974.fr\/wp-content\/uploads\/2024\/08\/logo-Horizontal-blanc-scaled.png","width":2560,"height":1172,"caption":"M\u00e9t\u00e9o974"},"image":{"@id":"http:\/\/meteo974.fr\/#\/schema\/logo\/image\/"}},{"@type":"Person","@id":"http:\/\/meteo974.fr\/#\/schema\/person\/4fa1c831e36bb8011f6eddbd5dabd9c4","name":"Fr\u00e9d\u00e9ric Decker","image":{"@type":"ImageObject","inLanguage":"fr-FR","@id":"https:\/\/secure.gravatar.com\/avatar\/f468fb323f230eb667b17592796cc910b4c519ad009fc1b1cd77030c7d928123?s=96&d=mm&r=g","url":"https:\/\/secure.gravatar.com\/avatar\/f468fb323f230eb667b17592796cc910b4c519ad009fc1b1cd77030c7d928123?s=96&d=mm&r=g","contentUrl":"https:\/\/secure.gravatar.com\/avatar\/f468fb323f230eb667b17592796cc910b4c519ad009fc1b1cd77030c7d928123?s=96&d=mm&r=g","caption":"Fr\u00e9d\u00e9ric Decker"},"sameAs":["http:\/\/www.meteo974.fr"],"url":"http:\/\/meteo974.fr\/?author=2"}]}},"_links":{"self":[{"href":"http:\/\/meteo974.fr\/index.php?rest_route=\/wp\/v2\/posts\/6286","targetHints":{"allow":["GET"]}}],"collection":[{"href":"http:\/\/meteo974.fr\/index.php?rest_route=\/wp\/v2\/posts"}],"about":[{"href":"http:\/\/meteo974.fr\/index.php?rest_route=\/wp\/v2\/types\/post"}],"author":[{"embeddable":true,"href":"http:\/\/meteo974.fr\/index.php?rest_route=\/wp\/v2\/users\/2"}],"replies":[{"embeddable":true,"href":"http:\/\/meteo974.fr\/index.php?rest_route=%2Fwp%2Fv2%2Fcomments&post=6286"}],"version-history":[{"count":1,"href":"http:\/\/meteo974.fr\/index.php?rest_route=\/wp\/v2\/posts\/6286\/revisions"}],"predecessor-version":[{"id":6289,"href":"http:\/\/meteo974.fr\/index.php?rest_route=\/wp\/v2\/posts\/6286\/revisions\/6289"}],"wp:featuredmedia":[{"embeddable":true,"href":"http:\/\/meteo974.fr\/index.php?rest_route=\/wp\/v2\/media\/6287"}],"wp:attachment":[{"href":"http:\/\/meteo974.fr\/index.php?rest_route=%2Fwp%2Fv2%2Fmedia&parent=6286"}],"wp:term":[{"taxonomy":"category","embeddable":true,"href":"http:\/\/meteo974.fr\/index.php?rest_route=%2Fwp%2Fv2%2Fcategories&post=6286"},{"taxonomy":"post_tag","embeddable":true,"href":"http:\/\/meteo974.fr\/index.php?rest_route=%2Fwp%2Fv2%2Ftags&post=6286"}],"curies":[{"name":"wp","href":"https:\/\/api.w.org\/{rel}","templated":true}]}}